{"id":32,"date":"2020-02-05T10:50:51","date_gmt":"2020-02-05T09:50:51","guid":{"rendered":"https:\/\/longsformats.artecom.studio\/femmesetpouvoir\/?p=32"},"modified":"2020-03-11T19:31:38","modified_gmt":"2020-03-11T18:31:38","slug":"femmes-dextreme-droite","status":"publish","type":"post","link":"https:\/\/longsformats.artecom.studio\/femmesetpouvoir\/2020\/02\/05\/femmes-dextreme-droite\/","title":{"rendered":"F\u00e9minisme et extr\u00eame-droite, une \u00e9quation possible\u00a0?"},"content":{"rendered":"\n<p style=\"font-size:-3px\"><strong>Elles ont \u00e9t\u00e9 de tous les combats de l\u2019extr\u00eame droite, de l\u2019instauration du <\/strong><a rel=\"noreferrer noopener\" aria-label=\" (s\u2019ouvre dans un nouvel onglet)\" href=\"https:\/\/www.lexpress.fr\/actualite\/societe\/1945-les-derniers-secrets-les-femmes-complices-du-nazisme_1698976.html\" target=\"_blank\"><strong>r\u00e9gime nazi<\/strong><\/a><strong> aux campagnes pr\u00e9sidentielles du Front national. Depuis plus d\u2019un si\u00e8cle, les femmes d\u2019extr\u00eame droite concilient \u00e9tonnamment le combat pour leurs id\u00e9aux politiques avec la traditionnelle figure de m\u00e8re et d\u2019\u00e9pouse qu\u2019elles mettent si souvent en avant.  <\/strong><\/p>\n\n\n\n<p style=\"font-size:-3px\"><strong>Longtemps rest\u00e9es dans l\u2019ombre des hommes, nombreuses sont les militantes qui d\u00e9sormais occupent au grand jour le terrain politique. Exemple embl\u00e9matique, Marine Le Pen a bien failli devenir la premi\u00e8re pr\u00e9sidente de la R\u00e9publique fran\u00e7aise. Preuve s&rsquo;il en est que, m\u00eame au sein de l\u2019extr\u00eame droite, les discours sur la condition f\u00e9minine \u00e9voluent\u2026 au point de converger avec le combat f\u00e9ministe&nbsp;?<\/strong><\/p>\n\n\n\n<h2 class=\"wp-block-heading\"> L&rsquo;\u00e9tonnante ambivalence des ultra-conservatrices<\/h2>\n\n\n\n<h3 class=\"wp-block-heading\">F\u00e9ministe, mais pas trop<\/h3>\n\n\n\n<p><a rel=\"noreferrer noopener\" aria-label=\" (s\u2019ouvre dans un nouvel onglet)\" href=\"https:\/\/www.lesutopiques.org\/femmes-extreme-droite-front-national-cause-femmes-francaises\/\" target=\"_blank\">\u00ab\u00a0La naissance des petits, mon divorce, cette p\u00e9riode seule avec eux me rendit quasi  \u201cf\u00e9ministe\u201d, tant il est vrai que les femmes ont vraiment du courage, que leur situation est souvent et objectivement bien plus difficile que celle des hommes. Les femmes sont en effet soumises \u00e0 la \u201cdouble peine\u201d : un travail souvent prenant et une vie de famille \u00e0 mener, le tout avec le sourire s\u2019il vous pla\u00eet !\u00a0\u00bb<\/a> En 2006, Marine Le Pen elle-m\u00eame abordait le sujet de l&rsquo;\u00e9galit\u00e9 des genres dans son autobiographie, lorsqu&rsquo;elle \u00e9voque la p\u00e9riode qui a suivi son divorce. Une probl\u00e9matique qui la pr\u00e9occupe, mais pas au point de revendiquer une quelconque appartenance au f\u00e9minisme. Car ce terme reste dans les strates de l&rsquo;extr\u00eame droite un mot qui d\u00e9range.<\/p>\n\n\n\n<figure class=\"wp-block-embed-youtube aligncenter wp-block-embed is-type-video is-provider-youtube wp-embed-aspect-16-9 wp-has-aspect-ratio\"><div class=\"wp-block-embed__wrapper\">\n<iframe loading=\"lazy\" title=\"Marine Le Pen et les droits des femmes\" width=\"800\" height=\"450\" src=\"https:\/\/www.youtube.com\/embed\/q6g_6ZGt_cU?feature=oembed\" frameborder=\"0\" allow=\"accelerometer; autoplay; encrypted-media; gyroscope; picture-in-picture\" allowfullscreen><\/iframe>\n<\/div><\/figure>\n\n\n\n<p>Existe-t-il des f\u00e9ministes d&rsquo;extr\u00eame droite ? Les partisanes ont longtemps adopt\u00e9 <strong>un discours hostile<\/strong>, en tout cas m\u00e9fiant vis-\u00e0-vis des f\u00e9ministes, \u00e0 l&rsquo;instar de leurs homologues masculins. N\u00e9anmoins, le positionnement de certaines militantes semble avoir sensiblement \u00e9volu\u00e9 ces derni\u00e8res ann\u00e9es. Et pour cause : depuis l&rsquo;obtention du droit de vote en 1944, et m\u00eame s&rsquo;il reste beaucoup \u00e0 faire avant d&rsquo;atteindre l&rsquo;\u00e9galit\u00e9 femmes-hommes,<strong> la condition des femmes a consid\u00e9rablement progress\u00e9<\/strong> en Europe. Et les ultra-conservatrices ont b\u00e9n\u00e9fici\u00e9 comme n&rsquo;importe qui des acquis sociaux obtenus <strong>gr\u00e2ce \u00e0 la mobilisation des f\u00e9ministes<\/strong> : droit au divorce, l\u00e9galisation de l&rsquo;avortement, acc\u00e8s facilit\u00e9 \u00e0 la contraception, force est de constater que l&rsquo;\u00e9galit\u00e9 pr\u00e9sente tout de m\u00eame quelques avantages.<\/p>\n\n\n\n<p>Toutefois, une posture de d\u00e9fiance subsiste : <a rel=\"noreferrer noopener\" aria-label=\"&quot;la plupart des membres du Front national n\u2019ont de cesse de ringardiser les associations f\u00e9ministes et leur activisme  \u201c hyst\u00e9rique \u201d , reprenant en ce sens les poncifs des discours sexistes. Il s\u2019ensuit une dissociation entre l\u2019am\u00e9lioration des conditions de la femme dans la soci\u00e9t\u00e9 et les luttes f\u00e9ministes qui les ont rendues possibles&quot; (s\u2019ouvre dans un nouvel onglet)\" href=\"https:\/\/www.lesutopiques.org\/femmes-extreme-droite-front-national-cause-femmes-francaises\/\" target=\"_blank\">\u00ab\u00a0la plupart des membres du Front national n\u2019ont de cesse de ringardiser les associations f\u00e9ministes et leur activisme  \u201c hyst\u00e9rique \u201d , reprenant en ce sens les poncifs des discours sexistes. Il s\u2019ensuit une dissociation entre l\u2019am\u00e9lioration des conditions de la femme dans la soci\u00e9t\u00e9 et les luttes f\u00e9ministes qui les ont rendues possibles\u00a0\u00bb<\/a>, explique <a href=\"https:\/\/www.franceculture.fr\/personne-sylvain-crepon.html-0\">Sylvain Crepon<\/a>, sp\u00e9cialiste de l&rsquo;extr\u00eame droite fran\u00e7aise. Un <strong>m\u00e9pris <\/strong>tr\u00e8s bien exprim\u00e9 par cette partisane du FN en 2011 :<\/p>\n\n\n\n<figure class=\"wp-block-pullquote\" style=\"border-color:#ff6900\"><blockquote><p> <br> <br>Oui sur l\u2019\u00e9galit\u00e9 homme\/femme, bien s\u00fbr que c\u2019est important. \u00c7a fait encore une fois partie des valeurs fran\u00e7aises. (&#8230;) Apr\u00e8s ce qui est bien c\u2019est qu\u2019il ne faut pas qu\u2019elle tombe dans le f\u00e9minisme genre euh\u2026 je ne sais pas euh\u2026 genre :  \u201c Ni putes ni soumises \u201d , voil\u00e0. Il faut \u00eatre f\u00e9ministe intelligent. <\/p><cite> Anonyme, cit\u00e9e par <a href=\"https:\/\/www.lesutopiques.org\/femmes-extreme-droite-front-national-cause-femmes-francaises\/\" target=\"_blank\" rel=\"noreferrer noopener\" aria-label=\" (s\u2019ouvre dans un nouvel onglet)\">Sylvain Crepon<\/a><br> <br><\/cite><\/blockquote><\/figure>\n\n\n\n<p>Paradoxalement, alors que l\u2019extr\u00eame-droite d\u00e9fend <strong>une vision tr\u00e8s conservatrice<\/strong> des femmes et de leur place dans la soci\u00e9t\u00e9, elle a souvent offert aux femmes un espace d\u2019\u00e9mancipation, les propulsant m\u00eame jusqu&rsquo;aux plus hautes marches du pouvoir. Comme l&rsquo;explique Claude Lesselier,  historienne sp\u00e9cialiste de l&rsquo;histoire des femmes au XIX<sup>e<\/sup>  et XX<sup>e<\/sup>  si\u00e8cles, <a rel=\"noreferrer noopener\" aria-label=\" (s\u2019ouvre dans un nouvel onglet)\" href=\"https:\/\/www.persee.fr\/doc\/homso_0018-4306_1991_num_99_1_2541\" target=\"_blank\">\u00ab\u00a0l&rsquo;extr\u00eame droite appelle les femmes fran\u00e7aises, au nom de leur  r\u00f4le dans la sph\u00e8re priv\u00e9e et sans qu&rsquo;elles n\u00e9gligent leurs t\u00e2ches prioritaires, \u00e0 s&rsquo;engager activement dans un combat politique dont certaines figures f\u00e9minines &#8211; la Vierge Marie, Jeanne d&rsquo;Arc ou plus prosa\u00efquement la femme-m\u00e8re fran\u00e7aise menac\u00e9e &#8211; constituent les symboles.\u00a0\u00bb<\/a><\/p>\n\n\n\n<iframe loading=\"lazy\" src=\"https:\/\/cdn.knightlab.com\/libs\/timeline3\/latest\/embed\/index.html?source=1isGwF26hopREFxebDczmGXtqxwfCxrY0cheuXI8yAFo&amp;font=Default&amp;lang=en&amp;initial_zoom=2&amp;height=650\" webkitallowfullscreen=\"\" mozallowfullscreen=\"\" allowfullscreen=\"\" width=\"100%\" height=\"650\" frameborder=\"0\"><\/iframe>\n\n\n\n<h2 class=\"wp-block-heading\">Les milieux conservateurs, berceaux de l&rsquo;antif\u00e9minisme<\/h2>\n\n\n\n<p>\u00ab\u00a0Le f\u00e9minisme encourage les femmes \u00e0 quitter leur mari, \u00e0 tuer leurs  enfants, \u00e0 pratiquer la sorcellerie, \u00e0 d\u00e9truire le capitalisme et \u00e0 devenir lesbiennes.\u00a0\u00bb  C&rsquo;est par ces mots que le politicien conservateur \u00e9tasunien <a rel=\"noreferrer noopener\" aria-label=\" (s\u2019ouvre dans un nouvel onglet)\" href=\"https:\/\/fr.wikipedia.org\/wiki\/Pat_Robertson\" target=\"_blank\">Pat Robertson<\/a> alertait sur <strong>les dangers repr\u00e9sent\u00e9s par le f\u00e9minisme<\/strong>. Contrairement aux apparences, cette formulation date de 1992 et non du d\u00e9but du si\u00e8cle dernier. M\u00eame si elle peut pr\u00eater \u00e0 sourire, elle est h\u00e9las r\u00e9v\u00e9latrice de la conception du f\u00e9minisme qu&rsquo;ont les milieux conservateurs.<\/p>\n\n\n\n<p>Les mouvements f\u00e9ministes essuient depuis leurs pr\u00e9mices la critique acerbe d&rsquo;adversaires venus de l&rsquo;extr\u00eame droite. Le <strong>combat des suffragettes<\/strong> pour le droit de vote au d\u00e9but des ann\u00e9es 1900 a \u00e9t\u00e9 une cible privil\u00e9gi\u00e9e pour de nombreux groupes conservateurs, parmi lesquels Action fran\u00e7aise, mouvement nationaliste lanc\u00e9 en 1898 en pleine affaire Dreyfus. <a href=\"https:\/\/data.bnf.fr\/fr\/13476125\/henri_vaugeois\/\">Henri Vaugeois<\/a>, son fondateur, qualifiait le f\u00e9minisme de <a rel=\"noreferrer noopener\" aria-label=\" (s\u2019ouvre dans un nouvel onglet)\" href=\"http:\/\/www.theses.fr\/s119206\" target=\"_blank\">\u00ab\u00a0monstre de laideur et d&rsquo;absurdit\u00e9\u00a0\u00bb, \u00ab\u00a0parisien, c&rsquo;est-\u00e0-dire juif et m\u00e9t\u00e8que\u00a0\u00bb<\/a>. Par la suite, l&rsquo;histoire a montr\u00e9 que chaque grande lutte f\u00e9ministe &#8211; pour le droit de vote, puis pour le droit \u00e0 disposer de son corps, et plus r\u00e9cemment contre les violences sexuelles depuis #MeToo &#8211; se voyait <strong>accompagn\u00e9e d&rsquo;une r\u00e9cusation f\u00e9roce de la part des antif\u00e9ministes<\/strong>.<\/p>\n\n\n\n<p>Mais que d\u00e9signe-t-on exactement sous le terme \u00ab\u00a0antif\u00e9minisme\u00a0\u00bb ? Il s&rsquo;agit d&rsquo;un \u00ab\u00a0contre mouvement de pens\u00e9e et d\u2019action qui s\u2019oppose au f\u00e9minisme\u00a0\u00bb qu&rsquo;analyse en d\u00e9tail Christine Bard dans son livre <em><a aria-label=\" (s\u2019ouvre dans un nouvel onglet)\" href=\"https:\/\/www.puf.com\/content\/Antif%C3%A9minismes_et_masculinismes_dhier_et_daujourdhui\">Antif\u00e9minisme et masculinisme d&rsquo;hier et d&rsquo;aujourd&rsquo;hui<\/a><\/em> (2019). Selon cette historienne, l\u2019antif\u00e9minisme pr\u00e9-existe au f\u00e9minisme et non l&rsquo;inverse. Un courant \u00e0 distinguer de la simple misogynie ou du sexisme, qui \u00ab\u00a0concernent toutes les personnes humaines d\u00e9finies comme  \u201c femmes \u201d, [tandis que] l&rsquo;antif\u00e9minisme ne concerne que les f\u00e9ministes\u00a0\u00bb selon <a href=\"https:\/\/www.fss.ulaval.ca\/notre-faculte\/repertoire-du-personnel\/diane-lamoureux\">Diane Lamoureux<\/a>, professeure en sciences politiques \u00e0 l&rsquo;universit\u00e9 de Laval. L&rsquo;antif\u00e9minisme est particuli\u00e8rement pr\u00e9gnant dans les milieux conservateurs, dont l\u2019extr\u00eame-droite, qui s&rsquo;\u00e9vertuent \u00e0 d\u00e9noncer la \u00ab\u00a0<strong>menace f\u00e9ministe<\/strong>\u00ab\u00a0. Celle-ci mettrait en p\u00e9ril le mod\u00e8le familial traditionnel, ferait dramatiquement chuter le nombre de naissances, et, pire que tout, effacerait toute <strong>diff\u00e9renciation entre les femmes et les hommes<\/strong>. Aussi ses d\u00e9tracteur\u00b7rice\u00b7s se sont-il\u00b7elle\u00b7s efforc\u00e9s de tourner les militantes au ridicule : ainsi s&rsquo;est construit l&rsquo;<strong>arch\u00e9type <\/strong>de la f\u00e9ministe hyst\u00e9rique, laide, frigide, une \u00ab\u00a0mal bais\u00e9e\u00a0\u00bb ha\u00efssant les hommes, un moyen efficace de <strong>discr\u00e9diter les mouvements f\u00e9ministes<\/strong> et ses repr\u00e9sentantes. <\/p>\n\n\n\n<figure class=\"wp-block-embed-flickr aligncenter wp-block-embed is-type-photo is-provider-flickr\"><div class=\"wp-block-embed__wrapper\">\n<a href=\"https:\/\/flic.kr\/p\/279fMNB\"><img loading=\"lazy\" decoding=\"async\" src=\"https:\/\/live.staticflickr.com\/824\/42100250771_940671ed87_c.jpg\" alt=\"Anti-suffrage postcard: My wife&#039;s joined the suffrage movement. (I&#039;ve suffered ever since!)\" width=\"505\" height=\"800\" \/><\/a>\n<\/div><figcaption>Le combat des femmes pour le droit de vote s&rsquo;est accompagn\u00e9 d&rsquo;une farouche campagne de<br>discr\u00e9tisation de la part des antif\u00e9ministes, qui tournaient \u00e0 la d\u00e9rision les suffragettes dans<br>des caricatures virulentes, comme sur cette carte postale.<\/figcaption><\/figure>\n\n\n\n<p>Par ailleurs, l<strong>&lsquo;adh\u00e9sion de certaines femmes<\/strong> \u00e0 l&rsquo;antif\u00e9minisme ont toujours constitu\u00e9 un fort <strong>argument de l\u00e9gitimation <\/strong>pour ces groupes. Si les principales int\u00e9ress\u00e9es elles-m\u00eames le d\u00e9crient, alors<strong> le f\u00e9minisme est, quelque part, forc\u00e9ment en tort<\/strong>. Exemple sur le compte Twitter de l&rsquo;essayiste Th\u00e9r\u00e8se Hargot, proche des milieux chr\u00e9tiens conservateurs, qui s&rsquo;offusque d&rsquo;une campagne d&rsquo;affichage contre les violences faites aux femmes.<\/p>\n\n\n\n<figure class=\"wp-block-embed-twitter aligncenter wp-block-embed is-type-rich is-provider-twitter\"><div class=\"wp-block-embed__wrapper\">\n<blockquote class=\"twitter-tweet\" data-width=\"550\" data-dnt=\"true\"><p lang=\"fr\" dir=\"ltr\">Placard\u00e9es sur le mur de l\u2019\u00e9cole de mon fils et dans tout Paris, les affiches de ce f\u00e9minisme revanchard, vengeur et justicier nous persuade que nous sommes dans une guerre des sexes en simplifiant \u00e0 outrance la r\u00e9alit\u00e9 : \u00ab Elle le quitte, il la tue \u00bb. ? <a href=\"https:\/\/t.co\/ThrKScJZLc\">pic.twitter.com\/ThrKScJZLc<\/a><\/p>&mdash; Th\u00e9r\u00e8se (@theresehargot) <a href=\"https:\/\/twitter.com\/theresehargot\/status\/1222436865283891200?ref_src=twsrc%5Etfw\">January 29, 2020<\/a><\/blockquote><script async src=\"https:\/\/platform.twitter.com\/widgets.js\" charset=\"utf-8\"><\/script>\n<\/div><\/figure>\n\n\n\n<p>Extr\u00eame droite et f\u00e9minisme semblent ainsi difficilement conciliables. Et pourtant, m\u00eame si cela a de quoi surprendre, on retrouve aujourd&rsquo;hui des revendications f\u00e9ministes dans la bouche de militant\u00b7e\u00b7s d\u2019extr\u00eame-droite, prononc\u00e9es plus ou moins du bout des l\u00e8vres.<\/p>\n\n\n\n<h3 class=\"wp-block-heading\">Une nouvelle g\u00e9n\u00e9ration de militantes plus ouverte&nbsp;?<\/h3>\n\n\n\n<p>Les positions de l&rsquo;extr\u00eame droite vis-\u00e0-vis des droits des femmes ont ind\u00e9niablement \u00e9volu\u00e9 depuis le si\u00e8cle dernier. Pour beaucoup de militantes et d&rsquo;\u00e9lues frontistes,<strong> il n&rsquo;est plus question de revenir sur la loi Veil<\/strong>, m\u00eame si le remboursement de l&rsquo;IVG continue de diviser. C&rsquo;est d&rsquo;autant plus vrai chez les nouvelles g\u00e9n\u00e9rations de militant\u00b7e\u00b7s, qui ont toujours v\u00e9cu avec ces droits. Aussi <a rel=\"noreferrer noopener\" aria-label=\" (s\u2019ouvre dans un nouvel onglet)\" href=\"https:\/\/www.lobservateur.fr\/douaisis\/2010\/06\/17\/stephanie-koca-benjamine-du-conseil-regional\/\" target=\"_blank\">St\u00e9phanie Koca, qui \u00e0 l&rsquo;\u00e2ge de 20 ans est devenue la plus jeune conseill\u00e8re r\u00e9gionale du FN<\/a> dans le Nord-Pas-de-Calais, donnait-elle en toute franchise son opinion sur l&rsquo;\u00e9pineuse question de l&rsquo;IVG :<\/p>\n\n\n\n<figure class=\"wp-block-pullquote is-style-default\" style=\"border-color:#ff6900\"><blockquote class=\"has-text-color has-very-dark-gray-color\"><p>Je ne suis pas du tout contre l\u2019avortement. Je pense que maintenant il y a beaucoup de moyens de contraception. Si \u00e7a arrive qu\u2019on ne puisse pas garder un enfant, il vaut mieux avorter plut\u00f4t que l\u2019enfant soit malheureux. (&#8230;) Jean-Marie Le Pen disait qu\u2019il \u00e9tait contre. Mais pour ma part, maintenant je pense que c\u2019est impossible d\u2019\u00eatre oppos\u00e9 \u00e0 l\u2019avortement.<\/p><cite> <br> <br> St\u00e9phanie Koca, ancienne conseill\u00e8re r\u00e9gionale FN, cit\u00e9e par <a href=\"https:\/\/www.lesutopiques.org\/femmes-extreme-droite-front-national-cause-femmes-francaises\/\" target=\"_blank\" rel=\"noreferrer noopener\" aria-label=\"Sylvain Crepon  (s\u2019ouvre dans un nouvel onglet)\">Sylvain Crepon <\/a><\/cite><\/blockquote><\/figure>\n\n\n\n<p>\u00c9tonnamment, on retrouve m\u00eame <strong>des discussions f\u00e9ministes sur des forums n\u00e9o-nazis<\/strong> tels que le site anglophone <a rel=\"noreferrer noopener\" aria-label=\" (s\u2019ouvre dans un nouvel onglet)\" href=\"https:\/\/www.stormfront.org\/forum\/\" target=\"_blank\">Stormfront.org<\/a> sur lequel a enqu\u00eat\u00e9 la journaliste Lindsay Schrupp. Et si beaucoup de ces messages &#8211; sign\u00e9es par des femmes &#8211; rel\u00e8vent d&rsquo;un antif\u00e9minisme profond, d&rsquo;autres paraissent <strong>presque revendicateurs<\/strong>.<\/p>\n\n\n\n<div style=\"width: 100%;\"><div style=\"position: relative; padding-bottom: 56.25%; padding-top: 0; height: 0;\"><iframe loading=\"lazy\" style=\"position: absolute; top: 0; left: 0; width: 100%; height: 100%;\" src=\"https:\/\/view.genial.ly\/5e5b975a4dc57d0fda95dcb8\" type=\"text\/html\" allowscriptaccess=\"always\" allowfullscreen=\"true\" scrolling=\"yes\" allownetworking=\"all\" width=\"1200px\" height=\"675px\" frameborder=\"0\"><\/iframe> <\/div> <\/div>\n\n\n\n<h2 class=\"wp-block-heading\">27 % de femmes parmi l&rsquo;\u00e9lectorat du FN  <\/h2>\n\n\n\n<p>Preuve d&rsquo;un<strong> ind\u00e9niable changement de m\u0153urs<\/strong>, c&rsquo;est une femme qui a pris les r\u00eanes du Rassemblement National en 2011. Marine Le Pen fait m\u00eame partie, avec S\u00e9gol\u00e8ne Royale, <strong>du cercle tr\u00e8s ferm\u00e9 de celles qui ont failli devenir pr\u00e9sidentes<\/strong>. Comment expliquer cette ascension dans un parti d&rsquo;ordinaire peu enclin aux changements ?<\/p>\n\n\n\n<div class=\"wp-block-image\"><figure class=\"aligncenter is-resized\"><img loading=\"lazy\" decoding=\"async\" src=\"https:\/\/upload.wikimedia.org\/wikipedia\/commons\/thumb\/9\/93\/Front_National_2010-05-01_n03.jpg\/1024px-Front_National_2010-05-01_n03.jpg\" alt=\"\" width=\"512\" height=\"342\"\/><figcaption> Jean-Marie Le Pen entour\u00e9 de Marine Le Pen et Bruno Gollnisch, tous deux candidat\u00b7e\u00b7s \u00e0 sa succession, pendant le d\u00e9fil\u00e9 du Front National en l&rsquo;honneur de Jeanne d&rsquo;Arc, le 1er mai 2010. Source :<a href=\"https:\/\/commons.wikimedia.org\/wiki\/File:Front_National_2010-05-01_n03.jpg\"> commons.wikimedia.org<\/a>.<\/figcaption><\/figure><\/div>\n\n\n\n<p>Comme l&rsquo;a analys\u00e9 la journaliste <a rel=\"noreferrer noopener\" aria-label=\" (s\u2019ouvre dans un nouvel onglet)\" href=\"http:\/\/www.slate.fr\/source\/92535\/aude-lorriaux\" target=\"_blank\">Aude Lorriaux<\/a> pour Slate, le <a rel=\"noreferrer noopener\" aria-label=\" (s\u2019ouvre dans un nouvel onglet)\" href=\"https:\/\/rassemblementnational.fr\/le-projet-de-marine-le-pen\/\" target=\"_blank\">programme frontiste<\/a> a ainsi fortement \u00e9volu\u00e9 depuis l&rsquo;arriv\u00e9e de Marine Le Pen \u00e0 la t\u00eate du parti : lors de la campagne pr\u00e9sidentielle de 2017 et pour la premi\u00e8re fois dans l&rsquo;histoire du RN, cette derni\u00e8re se prononce ouvertement en faveur de l&rsquo;\u00e9galit\u00e9 salariale et du travail des femmes. Une position aux antipodes de celle de Marie-Christine Arnautu, alors vice-pr\u00e9sidente du FN en 2012 : <a href=\"http:\/\/www.slate.fr\/story\/142985\/marine-le-pen-femmes\">\u00ab\u00a0Qu\u2019est-ce que vous voulez ? Qu\u2019on \u00e9galise les salaires alors que tant de gens sont au ch\u00f4mage ?\u00a0\u00bb<\/a> Un changement de cap pas aussi radical qu&rsquo;il n&rsquo;y para\u00eet cependant, puisque Marine Le Pen veut toujours mettre en place des mesures incitatives &#8211; financi\u00e8res principalement &#8211; pour inciter les femmes \u00e0 rester chez elles plut\u00f4t que de travailler, et remplacer<a href=\"https:\/\/www.gouvernement.fr\/action\/le-mariage-pour-tous\" target=\"_blank\" rel=\"noreferrer noopener\" aria-label=\" le mariage gay instaur\u00e9 par la loi Taubira en 2013 (s\u2019ouvre dans un nouvel onglet)\"> le mariage gay instaur\u00e9 par la loi Taubira en 2013<\/a> par un PACS am\u00e9lior\u00e9.<\/p>\n\n\n\n<p>Cette <strong>pr\u00e9tendue adh\u00e9sion au f\u00e9minisme<\/strong> s&rsquo;inscrit dans une volont\u00e9 interne de d\u00e9diaboliser le parti, d\u00e9marche enclench\u00e9e par Marine Le Pen lors de son arriv\u00e9e \u00e0 la t\u00eate du FN. Il est en effet strat\u00e9gique pour le FN de s&rsquo;adresser aux femmes et de les convaincre, puisque <a href=\"http:\/\/www.slate.fr\/story\/142985\/marine-le-pen-femmes\">\u00ab\u00a0il y a (&#8230;) l\u00e0 un r\u00e9servoir de voix pour le FN, d\u2019autant qu\u2019elles s\u2019inscrivent un peu plus que les hommes sur les listes \u00e9lectorales, et qu\u2019elles sont aussi plus nombreuses que leurs cong\u00e9n\u00e8res masculins (52%).\u00a0\u00bb<\/a><\/p>\n\n\n\n<p>\u00c0 ces fins, pr\u00e9senter une candidate plut\u00f4t qu&rsquo;un candidat \u00e0 la course \u00e9lectorale constitue un argument pour conqu\u00e9rir un \u00e9lectorat plus jeune, plus f\u00e9minin et sensiblement plus concern\u00e9 par la question de l\u2019\u00e9galit\u00e9 entre femmes et hommes. En effet, depuis que Marine Le Pen a succ\u00e9d\u00e9 \u00e0 Jean-Marie Le Pen, <a href=\"https:\/\/www.europe1.fr\/politique\/Ces-femmes-de-l-extreme-droite-363558\">\u00ab\u00a0le vote FN, jusqu\u2019ici tr\u00e8s masculin, s&rsquo;est r\u00e9\u00e9quilibr\u00e9 en attirant 20 % d\u2019hommes contre 18 % de femmes. A l&rsquo;int\u00e9rieur de ce vote, 27% des \u00e9lecteurs sont des femmes, un chiffre en constante progression.\u00a0\u00bb<\/a> M\u00eame constat outre-Rhin, o\u00f9 le <a href=\"https:\/\/www.20minutes.fr\/monde\/1997315-20170117-allemagne-npd-sulfureux-parti-extreme-droite-evite-interdiction\"><strong>NPD allemand<\/strong><\/a> convainc de plus en plus d&rsquo;\u00e9lectrices : <a href=\"https:\/\/www.courrierinternational.com\/article\/2011\/12\/08\/jeune-intelligente-et-militante-d-extreme-droite\">\u00ab\u00a0alors que, jusqu\u2019\u00e0 la fin des ann\u00e9es 1990, bon nombre de militantes se contentaient de jouer les seconds r\u00f4les, la nouvelle g\u00e9n\u00e9ration tient \u00e0 gravir les \u00e9chelons du parti. Le NPD compte 30 % de militantes, 25 % en Basse-Saxe, et elles sont de plus en plus nombreuses.\u00a0\u00bb<\/a> Pour remporter le scrutins, il faut d\u00e9sormais s&rsquo;adresser aux \u00e9lectrices en plus des \u00e9lecteurs.<\/p>\n\n\n\n<p>C&rsquo;est dans cette course aux voix qu&rsquo;intervient le f\u00e9minisme, ou plut\u00f4t le \u00ab\u00a0<strong>quasi f\u00e9minisme<\/strong>\u00a0\u00bb \u00e9voqu\u00e9 dans son livre par la pr\u00e9sidente du RN. Dans les discours de l\u2019extr\u00eame-droite, la progression de la condition f\u00e9minine devient une valeur inh\u00e9rente \u00e0 la civilisation jud\u00e9o-chr\u00e9tienne, oubliant dans un moment d&rsquo;amn\u00e9sie volontaire comment ces am\u00e9liorations ont \u00e9t\u00e9 acquises, c&rsquo;est-\u00e0-dire apr\u00e8s <strong>des ann\u00e9es de luttes men\u00e9es par ces f\u00e9ministes tant fustig\u00e9es<\/strong>. \u00ab\u00a0Le f\u00e9minisme est une innovation chr\u00e9tienne\u00a0\u00bb, tweete la journaliste Eug\u00e9nie Basti\u00e9, en pleine lecture des \u00e9crits de l&rsquo;essayiste Emmanuel Todd.<\/p>\n\n\n\n<figure class=\"wp-block-embed-twitter aligncenter wp-block-embed is-type-rich is-provider-twitter\"><div class=\"wp-block-embed__wrapper\">\n<blockquote class=\"twitter-tweet\" data-width=\"550\" data-dnt=\"true\"><p lang=\"fr\" dir=\"ltr\">Lu dans le dernier livre d&#39;Emmanuel Todd : le f\u00e9minisme est une innovation chretienne. <a href=\"https:\/\/twitter.com\/hashtag\/h%C3%A9Oui?src=hash&amp;ref_src=twsrc%5Etfw\">#h\u00e9Oui<\/a> <a href=\"https:\/\/t.co\/dOAEUFS4t5\">pic.twitter.com\/dOAEUFS4t5<\/a><\/p>&mdash; Eug\u00e9nie Basti\u00e9 (@EugenieBastie) <a href=\"https:\/\/twitter.com\/EugenieBastie\/status\/903578601970434048?ref_src=twsrc%5Etfw\">September 1, 2017<\/a><\/blockquote><script async src=\"https:\/\/platform.twitter.com\/widgets.js\" charset=\"utf-8\"><\/script>\n<\/div><\/figure>\n\n\n\n<p>A contrario, droits des femmes et islam seraient totalement incompatibles. <strong>Le voile devient alors le symbole de l\u2019oppression des femmes<\/strong>. Quand le FN a recours aux rh\u00e9toriques f\u00e9ministes, c&rsquo;est pour s&rsquo;attaquer sans d\u00e9tours \u00e0 l&rsquo;islam, ce que fait sans subtilit\u00e9s Marine Le Pen dans son programme de campagne : dans l&rsquo;engagement n\u00b09 intitul\u00e9 \u00ab\u00a0D\u00e9fendre les droits des femmes\u00a0\u00bb, elle entend <a rel=\"noreferrer noopener\" aria-label=\"&quot;lutter contre l\u2019islamisme qui fait reculer leurs libert\u00e9s fondamentales&quot;, &quot;mettre en place un plan national pour l\u2019\u00e9galit\u00e9 salariale femme\/homme et lutter contre la pr\u00e9carit\u00e9 professionnelle et sociale&quot; (s\u2019ouvre dans un nouvel onglet)\" href=\"https:\/\/rassemblementnational.fr\/le-projet-de-marine-le-pen\/\" target=\"_blank\">\u00ab\u00a0lutter contre l\u2019islamisme qui fait reculer leurs libert\u00e9s fondamentales\u00a0\u00bb, \u00ab\u00a0mettre en place un plan national pour l\u2019\u00e9galit\u00e9 salariale femme\/homme et lutter contre la pr\u00e9carit\u00e9 professionnelle et sociale\u00a0\u00bb<\/a>. Lorsqu&rsquo;elles pr\u00e9tendent cautionner l&rsquo;\u00e9galit\u00e9 femmes-hommes, les mouvances d&rsquo;extr\u00eame droite ne d\u00e9fendent en r\u00e9alit\u00e9 qu&rsquo;un \u00ab\u00a0<strong>f\u00e9minisme nationaliste<\/strong>\u00ab\u00a0, n\u2019incluant qu\u2019<strong>un mod\u00e8le de femme blanche, cisgenre et h\u00e9t\u00e9rosexuelle<\/strong>, bien loin d&rsquo;un discours inclusif s&rsquo;adressant aux femmes dans leur diversit\u00e9. <\/p>\n\n\n\n<figure class=\"wp-block-embed-twitter aligncenter wp-block-embed is-type-rich is-provider-twitter\"><div class=\"wp-block-embed__wrapper\">\n<blockquote class=\"twitter-tweet\" data-width=\"550\" data-dnt=\"true\"><p lang=\"fr\" dir=\"ltr\">&quot;Le voile est pour moi un acte de soumission de la femme.&quot; <a href=\"https:\/\/twitter.com\/hashtag\/D%C3%A9batTF1?src=hash&amp;ref_src=twsrc%5Etfw\">#D\u00e9batTF1<\/a> <a href=\"https:\/\/twitter.com\/hashtag\/LeGrandD%C3%A9bat?src=hash&amp;ref_src=twsrc%5Etfw\">#LeGrandD\u00e9bat<\/a> <a href=\"https:\/\/twitter.com\/hashtag\/Marine2017?src=hash&amp;ref_src=twsrc%5Etfw\">#Marine2017<\/a> <a href=\"https:\/\/twitter.com\/hashtag\/AuNomDuPeuple?src=hash&amp;ref_src=twsrc%5Etfw\">#AuNomDuPeuple<\/a> <a href=\"https:\/\/t.co\/tpE5U8jUXG\">pic.twitter.com\/tpE5U8jUXG<\/a><\/p>&mdash; Marine Le Pen (@MLP_officiel) <a href=\"https:\/\/twitter.com\/MLP_officiel\/status\/843934711957393408?ref_src=twsrc%5Etfw\">March 20, 2017<\/a><\/blockquote><script async src=\"https:\/\/platform.twitter.com\/widgets.js\" charset=\"utf-8\"><\/script>\n<\/div><\/figure>\n\n\n\n<h2 class=\"wp-block-heading\">Agressions de la Saint-Sylvestre : le droit des femmes comme argument x\u00e9nophobe<\/h2>\n\n\n\n<p>Le 31 d\u00e9cembre 2016, en pleine c\u00e9l\u00e9bration de la Saint-Sylvestre, plusieurs milliers de femmes sont victimes d\u2019<strong>agressions sexuelles dans plusieurs villes allemandes<\/strong>, et notamment \u00e0 <strong>Cologne<\/strong>. Ces actes sont imput\u00e9s pour la plupart \u00e0 des hommes originaires d\u2019Afrique du Nord, alors que le pays est en plein d\u00e9bat sur l\u2019immigration. S\u2019en suivent <strong>des manifestations \u00e0 la fois f\u00e9ministes et d\u2019extr\u00eame droite<\/strong>, qui tournent \u00e0 l&rsquo;affrontement. En France, Marine Le Pen r\u00e9agira sur Twitter, puis dans une tribune publi\u00e9e dans le journal <em>L&rsquo;Opinion<\/em> : <a href=\"https:\/\/www.lopinion.fr\/edition\/politique\/marine-pen-referendum-sortir-crise-migratoire-94568\">\u00ab\u00a0Je repense \u00e0 ces paroles de Simone de Beauvoir\u2009: <\/a> \u201c<a href=\"https:\/\/www.lopinion.fr\/edition\/politique\/marine-pen-referendum-sortir-crise-migratoire-94568\">N\u2019oubliez jamais qu\u2019il suffira d\u2019une crise politique, \u00e9conomique ou religieuse pour que les droits des femmes soient remis en question \u00bb, et j\u2019ai peur que la crise migratoire signe le d\u00e9but de la fin des droits des femmes. (&#8230;) Sur ce sujet comme sur les autres, les cons\u00e9quences de la crise migratoire \u00e9taient pourtant pr\u00e9visibles.\u00a0\u00bb<\/a><\/p>\n\n\n\n<figure class=\"wp-block-embed-twitter aligncenter wp-block-embed is-type-rich is-provider-twitter\"><div class=\"wp-block-embed__wrapper\">\n<blockquote class=\"twitter-tweet\" data-width=\"550\" data-dnt=\"true\"><p lang=\"fr\" dir=\"ltr\">L&#39;effroi suite aux agressions de Cologne :la dignit\u00e9 et la libert\u00e9 de la Femme, un acquis pr\u00e9cieux que nous avons le devoir de prot\u00e9ger MLP<\/p>&mdash; Marine Le Pen (@MLP_officiel) <a href=\"https:\/\/twitter.com\/MLP_officiel\/status\/685866116493762560?ref_src=twsrc%5Etfw\">January 9, 2016<\/a><\/blockquote><script async src=\"https:\/\/platform.twitter.com\/widgets.js\" charset=\"utf-8\"><\/script>\n<\/div><\/figure>\n\n\n\n<p>Pour le Rassemblement National, ces agressions sexuelles constitueraient l&rsquo;une des  manifestations les plus directes <strong>du \u00ab&nbsp;danger \u00bb et de la menace repr\u00e9sent\u00e9e par les immigr\u00e9<\/strong>s, tant redout\u00e9 par l&rsquo;extr\u00eame droite depuis des ann\u00e9es. Denis Lesselier rel\u00e8ve que <a rel=\"noreferrer noopener\" aria-label=\" (s\u2019ouvre dans un nouvel onglet)\" href=\"https:\/\/www.persee.fr\/doc\/homso_0018-4306_1991_num_99_1_2541\" target=\"_blank\">\u00ab\u00a0la mise en cause de l&rsquo;identit\u00e9 nationale est repr\u00e9sent\u00e9e sous la forme de la destruction de l&rsquo;ordre familial et sexuel, avec les  images du viol (vol) des femmes, de l&rsquo;intrusion de l&rsquo;\u00e9tranger dans le foyer  domestique, des \u00ab\u00a0perversions\u00a0\u00bb sexuelles et de la \u00ab\u00a0souillure&rsquo; ou de la maladie.\u00a0\u00bb<\/a> Jean-Marie Le Pen recourrait bien volontiers \u00e0 cette figure dans sa rh\u00e9torique : <a href=\"https:\/\/www.persee.fr\/doc\/homso_0018-4306_1991_num_99_1_2541\">\u00ab\u00a0demain, les immigr\u00e9s s&rsquo;installeront chez vous, mangeront votre soupe et coucheront avec votre femme, votre fille et votre fils.\u00a0\u00bb<\/a> Un discours finalement tr\u00e8s similaire \u00e0 celui de sa successeuse de fille, qui toutefois prend grand soin de <strong>policer le message<\/strong>.<\/p>\n\n\n\n<figure class=\"wp-block-embed-youtube aligncenter wp-block-embed is-type-video is-provider-youtube wp-embed-aspect-16-9 wp-has-aspect-ratio\"><div class=\"wp-block-embed__wrapper\">\n<iframe loading=\"lazy\" title=\"Repr\u00e9sailles apr\u00e8s les attaques sexuelles \u00e0 Cologne : Agression de 6 Pakistanais et 1 Syrien\" width=\"800\" height=\"450\" src=\"https:\/\/www.youtube.com\/embed\/Jb3LdA0yvCI?feature=oembed\" frameborder=\"0\" allow=\"accelerometer; autoplay; encrypted-media; gyroscope; picture-in-picture\" allowfullscreen><\/iframe>\n<\/div><\/figure>\n\n\n\n<p>Le cas des agressions de Cologne se r\u00e9v\u00e8le symptomatique de <strong>ce f\u00e9minisme de fa\u00e7ade<\/strong>, affich\u00e9 par les mouvements d&rsquo;extr\u00eame droite et r\u00e9utilis\u00e9 en permanence pour d\u00e9fendre leur programme nationaliste et anti-immigration. Rebecca Amsellem, fondatrice de la newsletter f\u00e9ministes <a href=\"https:\/\/lesglorieuses.fr\/\">Les Glorieuses<\/a>, r\u00e9agit \u00e0 la tribune de Marine Le Pen : <a rel=\"noreferrer noopener\" aria-label=\" (s\u2019ouvre dans un nouvel onglet)\" href=\"https:\/\/www.huffingtonpost.fr\/rebecca-amsellem\/front-national-feminisme-le-pen-cologne_b_9007212.html\" target=\"_blank\">\u00ab\u00a0utiliser la \u00ab\u00a0crise migratoire\u00a0\u00bb pour justifier les violences faites aux  femmes <strong>c&rsquo;est oublier volontairement les 84,000 femmes qui sont chaque ann\u00e9e victimes de viol ou de tentatives de viol et les 20,4% des femmes qui ont subi une violence sexuelle<\/strong> (attouchements, tentatives de rapport  forc\u00e9 ou rapport forc\u00e9s) au cours de leur vie.\u00a0\u00bb<\/a><\/p>\n\n\n\n<p>Alors que s&rsquo;op\u00e8re <strong>une mont\u00e9e de l&rsquo;extr\u00eame droite<\/strong> partout en Europe, le f\u00e9minisme devient pour ces partis un argument \u00e9lectoral, un choix en apparence incongru \u00e9tant donn\u00e9 l&rsquo;<strong>ancrage du f\u00e9minisme comme une valeur de la gauche<\/strong>. L&rsquo;\u00e9galit\u00e9 entre femmes et hommes a \u00e9t\u00e9 tr\u00e8s m\u00e9diatis\u00e9e ces dix derni\u00e8res ann\u00e9es ; toutes les strates de la soci\u00e9t\u00e9 sont concern\u00e9es et les politiques ne peuvent plus faire l&rsquo;impasse dessus. Par ailleurs, le f\u00e9minisme d\u00e9fendant souvent une alliance de toutes les minorit\u00e9s &#8211; raciales et sexuelles notamment &#8211; <strong>contre un m\u00eame syst\u00e8me de domination<\/strong> occidental, blanc et patriarcal, le discours de l&rsquo;extr\u00eame droite, alliant droit des femmes et x\u00e9nophobie, semble on ne peut plus contradictoire.<\/p>\n\n\n\n<hr class=\"wp-block-separator\"\/>\n\n\n\n<p style=\"text-align:right\"><strong><a href=\"http:\/\/www.linkedin.com\/in\/solene-marteau\" target=\"_blank\" rel=\"noreferrer noopener\" aria-label=\"Sol\u00e8ne Marteau (s\u2019ouvre dans un nouvel onglet)\">Sol\u00e8ne Marteau<\/a><\/strong><\/p>\n","protected":false},"excerpt":{"rendered":"<p>Elles ont \u00e9t\u00e9 de tous les combats de l\u2019extr\u00eame droite, de l\u2019instauration du r\u00e9gime nazi aux campagnes pr\u00e9sidentielles du Front national. Depuis plus d\u2019un si\u00e8cle, les femmes d\u2019extr\u00eame droite concilient \u00e9tonnamment le combat pour leurs id\u00e9aux politiques avec la traditionnelle figure de m\u00e8re et d\u2019\u00e9pouse qu\u2019elles mettent si souvent en avant. Longtemps rest\u00e9es dans l\u2019ombre [&hellip;]<\/p>\n","protected":false},"author":20,"featured_media":238,"comment_status":"open","ping_status":"open","sticky":true,"template":"","format":"standard","meta":{"footnotes":""},"categories":[83],"tags":[56,53,62,59,52,4,5,3,6,58,9,54,51,7,61,55],"class_list":{"0":"post-32","1":"post","2":"type-post","3":"status-publish","4":"format-standard","5":"has-post-thumbnail","6":"hentry","7":"category-groupes-militants","8":"tag-antifeminisme","9":"tag-cologne","10":"tag-conservateur","11":"tag-egalite","12":"tag-election","13":"tag-extreme-droite","14":"tag-feminisme","15":"tag-femmes","16":"tag-front-national","17":"tag-le-pen","18":"tag-militantisme","19":"tag-neonazi","20":"tag-politique","21":"tag-rassemblement-national","22":"tag-suffragette","23":"tag-xenophobie","25":"aesop-entry-content"},"_links":{"self":[{"href":"https:\/\/longsformats.artecom.studio\/femmesetpouvoir\/wp-json\/wp\/v2\/posts\/32","targetHints":{"allow":["GET"]}}],"collection":[{"href":"https:\/\/longsformats.artecom.studio\/femmesetpouvoir\/wp-json\/wp\/v2\/posts"}],"about":[{"href":"https:\/\/longsformats.artecom.studio\/femmesetpouvoir\/wp-json\/wp\/v2\/types\/post"}],"author":[{"embeddable":true,"href":"https:\/\/longsformats.artecom.studio\/femmesetpouvoir\/wp-json\/wp\/v2\/users\/20"}],"replies":[{"embeddable":true,"href":"https:\/\/longsformats.artecom.studio\/femmesetpouvoir\/wp-json\/wp\/v2\/comments?post=32"}],"version-history":[{"count":45,"href":"https:\/\/longsformats.artecom.studio\/femmesetpouvoir\/wp-json\/wp\/v2\/posts\/32\/revisions"}],"predecessor-version":[{"id":734,"href":"https:\/\/longsformats.artecom.studio\/femmesetpouvoir\/wp-json\/wp\/v2\/posts\/32\/revisions\/734"}],"wp:featuredmedia":[{"embeddable":true,"href":"https:\/\/longsformats.artecom.studio\/femmesetpouvoir\/wp-json\/wp\/v2\/media\/238"}],"wp:attachment":[{"href":"https:\/\/longsformats.artecom.studio\/femmesetpouvoir\/wp-json\/wp\/v2\/media?parent=32"}],"wp:term":[{"taxonomy":"category","embeddable":true,"href":"https:\/\/longsformats.artecom.studio\/femmesetpouvoir\/wp-json\/wp\/v2\/categories?post=32"},{"taxonomy":"post_tag","embeddable":true,"href":"https:\/\/longsformats.artecom.studio\/femmesetpouvoir\/wp-json\/wp\/v2\/tags?post=32"}],"curies":[{"name":"wp","href":"https:\/\/api.w.org\/{rel}","templated":true}]}}