{"id":515,"date":"2019-02-04T23:31:28","date_gmt":"2019-02-04T22:31:28","guid":{"rendered":"http:\/\/longform3.sensnumerique.fr\/?p=515"},"modified":"2019-09-30T15:58:15","modified_gmt":"2019-09-30T13:58:15","slug":"le-drame-des-refugies-et-la-peur-de-lautre-le-modele-de-saint-jouin-bruneval","status":"publish","type":"post","link":"https:\/\/longsformats.artecom.studio\/dicietdailleurs\/2019\/02\/04\/le-drame-des-refugies-et-la-peur-de-lautre-le-modele-de-saint-jouin-bruneval\/","title":{"rendered":"Le drame des r\u00e9fugi\u00e9s et la peur de l&rsquo;autre : le mod\u00e8le de Saint-Jouin-Bruneval"},"content":{"rendered":"\n<p><strong>L&rsquo;accueil de migrants est au coeur des pr\u00e9occupations politiques, sociales et soci\u00e9tales en France comme en Europe. Un casse-t\u00eate qui divise par la mont\u00e9e du populisme depuis quelques ann\u00e9es.&nbsp;La petite commune de Saint-Jouin-Bruneval (Seine-Maritime), commune de plus de 1 800 \u00e2mes a fait le choix d&rsquo;accueillir une famille de r\u00e9fugi\u00e9s syrienne. Film\u00e9 par une r\u00e9alisatrice normande, Ariane Doublet, le film documentaire \u00ab\u00a0Les r\u00e9fugi\u00e9s de Saint-Jouin\u00a0\u00bb (2017) retrace leurs parcours. On s&rsquo;est rendus le 25 novembre dernier \u00e0 cette projection suivie d&rsquo;un d\u00e9bat dans le cadre du festival Migrant\u2019Sc\u00e8ne organis\u00e9 par l&rsquo;association La Cimade&nbsp;de Toulouse.<\/strong><\/p>\n\n\n\n<h2 class=\"wp-block-heading\"><strong>\u00ab&nbsp;A la campagne les gens sont souvent racistes \u00bb<\/strong><\/h2>\n\n\n\n<p>\u00ab&nbsp;<strong>Les r\u00e9fugi\u00e9s de Saint-Jouin<\/strong>&nbsp;\u00bb c&rsquo;est le combat d&rsquo;un maire, Fran\u00e7ois Auber (toujours en poste) et de ses partisans, d\u00e9termin\u00e9s \u00e0 accueillir une famille de r\u00e9fugi\u00e9s qui fuit la guerre en Syrie. \u00ab\u00a0<em>La d\u00e9cision n&rsquo;a pas \u00e9t\u00e9 unanime<\/em>\u00a0\u00bb indique le maire lors du conseil municipal, mais ils l&rsquo;ont fait.<\/p>\n\n\n\n<p>La r\u00e9alisatrice Ariane Doublet pose la question de l\u2019accueil de l\u2019autre, dans une commune rurale o\u00f9 il y a peu voire pas d\u2019\u00e9trangers. Ce sont les coulisses de cet accueil qu&rsquo;elle d\u00e9voile \u00e0 travers ce film documentaire poignant. Ariane Doublet ouvre le d\u00e9bat, entre peur, amalgames, g\u00e9n\u00e9rosit\u00e9 et partage.<\/p>\n\n\n\n<p>La famille Hammoud, nous confie avec sinc\u00e9rit\u00e9 leurs joies d&rsquo;\u00eatre toujours en vie et unie. Elle raconte leurs peines et espoirs de pouvoir \u00e0 nouveau fouler leur terre syrienne. Rires, angoisses et union, d\u00e9couvrez ce film documentaire qui d\u00e9cloisonne les murs de ce village.<\/p>\n\n\n\n\n<!-- iframe plugin v.6.0 wordpress.org\/plugins\/iframe\/ -->\n<iframe loading=\"lazy\" style=\"border: none; overflow: hidden;\" src=\"https:\/\/www.facebook.com\/plugins\/video.php?href=https%3A%2F%2Fwww.facebook.com%2Fartetv%2Fvideos%2F2381802491836048%2F&#038;show_text=0&#038;width=476\" width=\"476\" height=\"476\" frameborder=\"0\" scrolling=\"no\" allowfullscreen=\"allowfullscreen\" class=\"iframe-class\"><\/iframe>\n\n\n\n\n<p>\u00ab\u00a0<em>A la campagne, les gens sont souvent racistes<\/em>\u00a0\u00bb s&rsquo;exprime un jeune ; \u00ab\u00a0<em>ce qui fait peur, c&rsquo;est que tu am\u00e8nes une famille et que du jour au lendemain il y en a dix ou quinze qui arrivent et apr\u00e8s c&rsquo;est plus la tranquillit\u00e9<\/em>\u00a0\u00bb indique un agent de police. Des remarques qui en disent long sur les id\u00e9es re\u00e7ues dans un camp comme dans l&rsquo;autre. La famille n&rsquo;est pas encore l\u00e0 que des opposants se font remarquer \u00e0 l&rsquo;abri des regards.<\/p>\n\n\n\n<p>Ce film documentaire c&rsquo;est aussi le r\u00e9cit douloureux d&rsquo;une famille meurtrie par la guerre en Syrie. Et la cam\u00e9ra est l\u00e0 pour ouvrir au dialogue.<\/p>\n\n\n\n[aesop_quote type=\u00a0\u00bbpull\u00a0\u00bb background=\u00a0\u00bb#282828&Prime; text=\u00a0\u00bb#FFFFFF\u00a0\u00bb width=\u00a0\u00bb60%\u00a0\u00bb align=\u00a0\u00bbcenter\u00a0\u00bb size=\u00a0\u00bb1&Prime; img=<a href=\"https:\/\/longsformats.artecom.studio\/dicietdailleurs\/\">\u00ab\u00a0<\/a> <a href=\"https:\/\/longsformats.artecom.studio\/dicietdailleurs\/\">https:\/\/longsformats.artecom.studio\/dicietdailleurs\/<\/a>wp-content\/uploads\/sites\/6\/2019\/02\/les-refugies-de-saint-jouin-3.jpg\u00a0\u00bb quote=\u00a0\u00bbSi on vient en Europe c&rsquo;est parce qu&rsquo;on a pas le choix. C&rsquo;est difficile d&rsquo;\u00eatre un r\u00e9fugi\u00e9, je n&rsquo;avais pas ce r\u00eave un jour de devenir r\u00e9fugi\u00e9 et en Syrie tout le monde a la m\u00eame histoire confie Moaoyaa Hammoud au maire.\u00a0\u00bb parallax=\u00a0\u00bboff\u00a0\u00bb direction=\u00a0\u00bbright\u00a0\u00bb revealfx=\u00a0\u00bbfromleft\u00a0\u00bb]\n\n\n\n<h2 class=\"wp-block-heading\">Echanges et messages d&rsquo;unit\u00e9 et de solidarit\u00e9<\/h2>\n\n\n\n<p>Fin de la projection, les lumi\u00e8res de l&rsquo;auditorium se rallument sous un tonnerre d&rsquo;applaudissements. C&rsquo;est ainsi que s&rsquo;engage le d\u00e9bat entre le public du festival et la repr\u00e9sentante de <a href=\"https:\/\/www.lacimade.org\/?gclid=CjwKCAiAkrTjBRAoEiwAXpf9CdgPZUuPDrx7w_Bu49_X-x-UMQwSV0sRj8DryU2Q6bAtfQHRczDmphoC4d8QAvD_BwE\">La Cimade<\/a> en pr\u00e9sence de Moaoyaa Hammoud, le fils a\u00een\u00e9 de la famille.<\/p>\n\n\n\n<p>Des \u00e9changes cordiaux animent l&rsquo;assembl\u00e9e mais une pol\u00e9mique d\u00e9range au sujet du d\u00e9m\u00e9nagement du jeune fr\u00e8re Amro, son \u00e9pouse Fateema et son fils Mouaz : \u00ab\u00a0<i>votre famille est privil\u00e9gi\u00e9e !\u00a0\u00bb&nbsp;<\/i>interpelle une femme.<i>&nbsp;\u00ab\u00a0Venir en France, avoir un logement \u00e9quip\u00e9, d&rsquo;autre n&rsquo;ont pas cette chance. Je ne comprends pas, pourquoi ils sont partis ailleurs<\/i>\u00a0\u00bb tacle-t-elle. Pour sa d\u00e9fense, Moaoyaa r\u00e9pond, \u00ab\u00a0<em>Moi et ma famille nous seront toujours reconnaissant de la France. La France a d\u00e9j\u00e0 fait beaucoup pour nous, nous ne voulons pas vivre d&rsquo;aides<\/em>\u00ab\u00a0. Il explique en toute honn\u00eatet\u00e9 qu&rsquo;Amro son fr\u00e8re, ayant trouv\u00e9 une formation au Havre, s&rsquo;y est install\u00e9 avec sa famille comme toutes personnes int\u00e9gr\u00e9es. Il a obtenu son permis de conduire et parle beaucoup mieux le fran\u00e7ais.&nbsp;Moaoyaa, lui s&rsquo;est reconverti professionnellement. Ancien journaliste en Syrie, il travail aujourd&rsquo;hui dans le secteur de la banque.<\/p>\n\n\n\n<p>On apprend que les Hammoud, continuent \u00e0 prendre des nouvelles de la situation en Syrie par l&rsquo;interm\u00e9diaire de proches toujours sur place ou dans les pays environnants. Apr\u00e8s les derni\u00e8res annonces du pr\u00e9sident am\u00e9ricain Donald Trump du <a href=\"http:\/\/www.leparisien.fr\/international\/syrie-trump-a-signe-l-ordre-de-retrait-des-troupes-americaines-24-12-2018-7975677.php\">retrait de ses troupes de Syrie<\/a>, les conditions pour un retour au pays ne sont toujours pas garanties et restent fragiles.<\/p>\n\n\n\n<p>Fran\u00e7ois Auber absent du festival <a href=\"https:\/\/www.migrantscene.org\">Migrant&rsquo;Sc\u00e8ne<\/a>, nous a offert une interview exclusive r\u00e9alis\u00e9e le 22 janvier dernier.<\/p>\n\n\n\n<p>Extrait audio r\u00e9alis\u00e9 avec la voix d&rsquo;un com\u00e9dien.<\/p>\n\n\n\n<audio class=\"wp-audio-shortcode\" id=\"audio-515-1\" preload=\"none\" style=\"width: 100%;\" controls=\"controls\"><source type=\"audio\/mpeg\" src=\"http:\/\/longform3.sensnumerique.fr\/wp-content\/uploads\/sites\/6\/2019\/02\/Audio-ITW-1.mp3?_=1\" \/><a href=\"http:\/\/longform3.sensnumerique.fr\/wp-content\/uploads\/sites\/6\/2019\/02\/Audio-ITW-1.mp3\">http:\/\/longform3.sensnumerique.fr\/wp-content\/uploads\/sites\/6\/2019\/02\/Audio-ITW-1.mp3<\/a><\/audio>\n\n\n\n\n<!-- iframe plugin v.6.0 wordpress.org\/plugins\/iframe\/ -->\n<iframe loading=\"lazy\" frameborder=\"0\" src=\"https:\/\/view.genial.ly\/5c65374d7a5d8d762310e1cc\" type=\"text\/html\" allowscriptaccess=\"always\" allowfullscreen=\"true\" scrolling=\"yes\" allownetworking=\"all\" width=\"100%\" height=\"500\" class=\"iframe-class\"><\/iframe>\n\n\n\n\n<h2 class=\"wp-block-heading\">Divis\u00e9s, le d\u00e9bat continue sur les r\u00e9seaux sociaux<\/h2>\n\n\n\n<p>Sur Facebook comme Twitter, les avis sont partag\u00e9s voire tr\u00e8s tranch\u00e9s. Les plus virulents parlent de \u00ab\u00a0<strong>propagande<\/strong>\u00ab\u00a0. Les <a href=\"http:\/\/www.lefigaro.fr\/international\/2018\/09\/10\/01003-20180910ARTFIG00244-allemagne-ces-faits-divers-impliquant-des-migrants-qui-ont-mis-le-feu-aux-poudres.php\">agressions sexuelles \u00ab\u00a0collectives\u00a0\u00bb, les viols et les vols en Allemagne<\/a> sont les instruments de peurs et le fond de commerce de politiques, de m\u00e9dias, et de groupuscules d&rsquo;extr\u00eame droite voire n\u00e9o-nazi pour diviser et alimenter les peurs.<\/p>\n\n\n\n<p>En France, on songe plut\u00f4t aux <strong>menaces d&rsquo;attentats<\/strong> et plus souvent, on compare la situation des sans-abri et des mal-log\u00e9s aux migrants. La corde est tendue.<\/p>\n\n\n\n[aesop_quote type=\u00a0\u00bbpull\u00a0\u00bb background=\u00a0\u00bb#087B89&Prime; text=\u00a0\u00bb#FFFFFF\u00a0\u00bb width=\u00a0\u00bb60%\u00a0\u00bb align=\u00a0\u00bbcenter\u00a0\u00bb size=\u00a0\u00bb1&Prime; quote=\u00a0\u00bbLes villages vont devenir des banlieues &#8211; Il y a trop de ch\u00f4mage en France, on ferait mieux de s&rsquo;occuper des SDF dans la rue &#8211; Et nos vieux \u00e0 nous alors ! Ils ont travaill\u00e9 toute leurs vies et ne peuvent m\u00eame plus se chauffer etc. \u00a0\u00bb parallax=\u00a0\u00bboff\u00a0\u00bb direction=\u00a0\u00bbleft\u00a0\u00bb revealfx=\u00a0\u00bboff\u00a0\u00bb]\n\n\n\n<p>Soit ! Des hommes et des femmes sont fiers eux et le revendiquent. \u00ab\u00a0<strong>Fiers<\/strong>\u00a0\u00bb&nbsp;de ce qu&rsquo;ont pu accomplir cette commune. \u00ab\u00a0<strong>Fiers<\/strong>\u00a0\u00bb de ce geste d&rsquo;humanit\u00e9 envers cette famille syrienne. \u00ab\u00a0<strong>Heureux<\/strong>\u00a0\u00bb de voir qu&rsquo;il existe toujours des personnes avec de \u00ab\u00a0<strong>vraies valeurs&nbsp;<\/strong><b>humanistes<\/b>\u00ab\u00a0.<\/p>\n\n\n\n<ul class=\"wp-block-gallery columns-4 is-cropped wp-block-gallery-1 is-layout-flex wp-block-gallery-is-layout-flex\"><li class=\"blocks-gallery-item\"><figure><img data-id=\"561\" class=\"wp-image-561\"\/><\/figure><\/li><li class=\"blocks-gallery-item\"><figure><img data-id=\"562\" class=\"wp-image-562\"\/><\/figure><\/li><li class=\"blocks-gallery-item\"><figure><img data-id=\"563\" class=\"wp-image-563\"\/><\/figure><\/li><li class=\"blocks-gallery-item\"><figure><img data-id=\"564\" class=\"wp-image-564\"\/><\/figure><\/li><\/ul>\n\n\n\n<p>Si le mod\u00e8le de Saint-Jouin reste jusqu&rsquo;\u00e0 pr\u00e9sent l&rsquo;une des communes \u00e0 avoir mis en lumi\u00e8re leur choix, d&rsquo;autres communes comme celle de&nbsp;<a href=\"https:\/\/www.rtl.fr\/actu\/debats-societe\/immigration-un-village-fait-de-l-accueil-des-migrants-une-seconde-nature-7791821996\">Pessat-Villeneuve<\/a> (Puy-de-D\u00f4me) commune de 579 habitants, accueille chaque ann\u00e9e et de mani\u00e8re temporaire migrants, r\u00e9fugi\u00e9s et demandeurs d&rsquo;asile.&nbsp;Des initiatives se mettent en places, des collectifs et des associations sensibles au drame migratoire qui se joue, se mobilisent tous les jours (accompagnement, h\u00e9bergement, aide) pour sensibiliser la soci\u00e9t\u00e9 \u00e0 ce d\u00e9fi et aller plus loin que les d\u00e9cisions des politiques.<\/p>\n","protected":false},"excerpt":{"rendered":"<p>L&rsquo;accueil de migrants est au coeur des pr\u00e9occupations politiques, sociales et soci\u00e9tales en France comme en Europe. Un casse-t\u00eate qui divise par la mont\u00e9e du populisme depuis quelques ann\u00e9es.&nbsp;La petite commune de Saint-Jouin-Bruneval (Seine-Maritime), commune de plus de 1 800 \u00e2mes a fait le choix d&rsquo;accueillir une famille de r\u00e9fugi\u00e9s syrienne. Film\u00e9 par une r\u00e9alisatrice [&hellip;]<\/p>\n","protected":false},"author":13,"featured_media":527,"comment_status":"closed","ping_status":"open","sticky":false,"template":"","format":"standard","meta":{"footnotes":""},"categories":[3,6],"tags":[7],"class_list":{"0":"post-515","1":"post","2":"type-post","3":"status-publish","4":"format-standard","5":"has-post-thumbnail","6":"hentry","7":"category-evenements","8":"category-rencontre","9":"tag-accueil","11":"aesop-entry-content"},"_links":{"self":[{"href":"https:\/\/longsformats.artecom.studio\/dicietdailleurs\/wp-json\/wp\/v2\/posts\/515","targetHints":{"allow":["GET"]}}],"collection":[{"href":"https:\/\/longsformats.artecom.studio\/dicietdailleurs\/wp-json\/wp\/v2\/posts"}],"about":[{"href":"https:\/\/longsformats.artecom.studio\/dicietdailleurs\/wp-json\/wp\/v2\/types\/post"}],"author":[{"embeddable":true,"href":"https:\/\/longsformats.artecom.studio\/dicietdailleurs\/wp-json\/wp\/v2\/users\/13"}],"replies":[{"embeddable":true,"href":"https:\/\/longsformats.artecom.studio\/dicietdailleurs\/wp-json\/wp\/v2\/comments?post=515"}],"version-history":[{"count":1,"href":"https:\/\/longsformats.artecom.studio\/dicietdailleurs\/wp-json\/wp\/v2\/posts\/515\/revisions"}],"predecessor-version":[{"id":532,"href":"https:\/\/longsformats.artecom.studio\/dicietdailleurs\/wp-json\/wp\/v2\/posts\/515\/revisions\/532"}],"wp:featuredmedia":[{"embeddable":true,"href":"https:\/\/longsformats.artecom.studio\/dicietdailleurs\/wp-json\/wp\/v2\/media\/527"}],"wp:attachment":[{"href":"https:\/\/longsformats.artecom.studio\/dicietdailleurs\/wp-json\/wp\/v2\/media?parent=515"}],"wp:term":[{"taxonomy":"category","embeddable":true,"href":"https:\/\/longsformats.artecom.studio\/dicietdailleurs\/wp-json\/wp\/v2\/categories?post=515"},{"taxonomy":"post_tag","embeddable":true,"href":"https:\/\/longsformats.artecom.studio\/dicietdailleurs\/wp-json\/wp\/v2\/tags?post=515"}],"curies":[{"name":"wp","href":"https:\/\/api.w.org\/{rel}","templated":true}]}}