{"id":565,"date":"2020-03-01T18:33:25","date_gmt":"2020-03-01T17:33:25","guid":{"rendered":"https:\/\/longsformats.artecom.studio\/communicationpoltoulouse\/?p=565"},"modified":"2020-03-13T15:58:31","modified_gmt":"2020-03-13T14:58:31","slug":"la-communication-de-toulouse-metropole","status":"publish","type":"post","link":"https:\/\/longsformats.artecom.studio\/communicationpoltoulouse\/2020\/03\/01\/la-communication-de-toulouse-metropole\/","title":{"rendered":"Smart City &#038; Toulouse M\u00e9tropole &#8211; Quel avenir pour une ville start-up ?"},"content":{"rendered":"\n<div style=\"height:50px\" aria-hidden=\"true\" class=\"wp-block-spacer\"><\/div>\n\n\n\n<p style=\"text-align:center\"><em>Depuis 2015, la m\u00e9tropole de Toulouse d\u00e9ploie une \u00ab Strat\u00e9gie Smart City \u00bb. Sous la tutelle du maire Jean-Luc Moudenc, de nombreux projets sortent de terre. Leurs objectifs s&rsquo;inscrivent dans le d\u00e9veloppement d&rsquo;une m\u00e9tropole ouverte vers le monde moderne. <\/em>Une alliance se cr\u00e9\u00e9e entre le monde des start-up et celui de l&rsquo;urbanisme (moderne) mais quelles peuvent en \u00eatre les cons\u00e9quences ? <\/p>\n\n\n\n<div style=\"height:49px\" aria-hidden=\"true\" class=\"wp-block-spacer\"><\/div>\n\n\n\n<ul class=\"wp-block-gallery columns-1 is-cropped wp-block-gallery-1 is-layout-flex wp-block-gallery-is-layout-flex\"><li class=\"blocks-gallery-item\"><figure><img loading=\"lazy\" decoding=\"async\" width=\"725\" height=\"1024\" src=\"https:\/\/longsformats.artecom.studio\/communicationpoltoulouse\/wp-content\/uploads\/sites\/10\/2020\/03\/Pages-from-MetropoleOuverte-830x1173-725x1024.png\" alt=\"\" data-id=\"568\" data-link=\"https:\/\/longsformats.artecom.studio\/communicationpoltoulouse\/?attachment_id=568\" class=\"wp-image-568\" srcset=\"https:\/\/longsformats.artecom.studio\/communicationpoltoulouse\/wp-content\/uploads\/sites\/10\/2020\/03\/Pages-from-MetropoleOuverte-830x1173-725x1024.png 725w, https:\/\/longsformats.artecom.studio\/communicationpoltoulouse\/wp-content\/uploads\/sites\/10\/2020\/03\/Pages-from-MetropoleOuverte-830x1173-212x300.png 212w, https:\/\/longsformats.artecom.studio\/communicationpoltoulouse\/wp-content\/uploads\/sites\/10\/2020\/03\/Pages-from-MetropoleOuverte-830x1173-768x1085.png 768w, https:\/\/longsformats.artecom.studio\/communicationpoltoulouse\/wp-content\/uploads\/sites\/10\/2020\/03\/Pages-from-MetropoleOuverte-830x1173-400x565.png 400w, https:\/\/longsformats.artecom.studio\/communicationpoltoulouse\/wp-content\/uploads\/sites\/10\/2020\/03\/Pages-from-MetropoleOuverte-830x1173.png 830w\" sizes=\"auto, (max-width: 725px) 100vw, 725px\" \/><\/figure><\/li><\/ul>\n\n\n\n<p>Toulouse est actuellement en p\u00e9riode d\u2019\u00e9lections municipales. <a href=\"https:\/\/twitter.com\/jlmoudenc?lang=fr\" target=\"_blank\" rel=\"noreferrer noopener\" aria-label=\"Jean-Luc Moudenc, (s\u2019ouvre dans un nouvel onglet)\">Jean-Luc Moudenc,<\/a> le maire actuel<a rel=\"noreferrer noopener\" aria-label=\" est aujourd\u2019hui en campagne (s\u2019ouvre dans un nouvel onglet)\" href=\"https:\/\/longsformats.artecom.studio\/communicationpoltoulouse\/?p=297\" target=\"_blank\"> est aujourd\u2019hui en campagne<\/a>. De ce fait, et jusqu\u2019au 22 mars, Toulouse M\u00e9tropole ne peut communiquer sur ses actions pass\u00e9es. Ainsi, communiqu\u00e9s de presse et d\u00e9clarations de la mairie ont \u00e9t\u00e9 rendus inaccessibles. <\/p>\n\n\n\n<div style=\"height:33px\" aria-hidden=\"true\" class=\"wp-block-spacer\"><\/div>\n\n\n\n<div class=\"wp-block-image\"><figure class=\"aligncenter\"><img loading=\"lazy\" decoding=\"async\" width=\"1024\" height=\"642\" src=\"https:\/\/longsformats.artecom.studio\/communicationpoltoulouse\/wp-content\/uploads\/sites\/10\/2020\/03\/Capture-d\u2019e\u0301cran-2020-03-01-a\u0300-16.15.39-1024x642.png\" alt=\"\" class=\"wp-image-569\" srcset=\"https:\/\/longsformats.artecom.studio\/communicationpoltoulouse\/wp-content\/uploads\/sites\/10\/2020\/03\/Capture-d\u2019e\u0301cran-2020-03-01-a\u0300-16.15.39-1024x642.png 1024w, https:\/\/longsformats.artecom.studio\/communicationpoltoulouse\/wp-content\/uploads\/sites\/10\/2020\/03\/Capture-d\u2019e\u0301cran-2020-03-01-a\u0300-16.15.39-300x188.png 300w, https:\/\/longsformats.artecom.studio\/communicationpoltoulouse\/wp-content\/uploads\/sites\/10\/2020\/03\/Capture-d\u2019e\u0301cran-2020-03-01-a\u0300-16.15.39-768x482.png 768w, https:\/\/longsformats.artecom.studio\/communicationpoltoulouse\/wp-content\/uploads\/sites\/10\/2020\/03\/Capture-d\u2019e\u0301cran-2020-03-01-a\u0300-16.15.39-1250x784.png 1250w, https:\/\/longsformats.artecom.studio\/communicationpoltoulouse\/wp-content\/uploads\/sites\/10\/2020\/03\/Capture-d\u2019e\u0301cran-2020-03-01-a\u0300-16.15.39-400x251.png 400w, https:\/\/longsformats.artecom.studio\/communicationpoltoulouse\/wp-content\/uploads\/sites\/10\/2020\/03\/Capture-d\u2019e\u0301cran-2020-03-01-a\u0300-16.15.39.png 2034w\" sizes=\"auto, (max-width: 1024px) 100vw, 1024px\" \/><figcaption> Publication Facebook du 4\/12\/19 <\/figcaption><\/figure><\/div>\n\n\n\n<h2 class=\"wp-block-heading\" style=\"text-align:left\"><strong>Toulouse M\u00e9tropole, la ville de demain&nbsp;<\/strong><\/h2>\n\n\n\n<p>En cherchant sur la toile, certains documents officiels sont encore trouvables, comme ce communiqu\u00e9 de <a href=\"https:\/\/www.toulouse-metropole.fr\/projets\/smart-city\" target=\"_blank\" rel=\"noreferrer noopener\" aria-label=\"Toulouse Open M\u00e9tropole (s\u2019ouvre dans un nouvel onglet)\">Toulouse Open M\u00e9tropole<\/a>, trouv\u00e9 sur le site de la ville de <a rel=\"noreferrer noopener\" aria-label=\"Gagnac sur Garonne (s\u2019ouvre dans un nouvel onglet)\" href=\"https:\/\/www.gagnac-sur-garonne.fr\/toulouse-open-metropole-smart-city\/\" target=\"_blank\">Gagnac-sur-Garonne<\/a>. <\/p>\n\n\n\n<p>L\u2019article n\u2019est pas dat\u00e9 et contient seulement des visuels (ci-dessous), ainsi qu&rsquo;un court texte expliquant le d\u00e9ploiement de la <strong>\u00ab&nbsp;m\u00e9tropole id\u00e9ale du futur&nbsp;\u00bb<\/strong>. Ce document officiel explique que : \u00ab&nbsp;Gr\u00e2ce aux nouvelles technologies, la ville pourra proposer de nouvelles innovations de technologie et de services en termes de d\u00e9placements ou de communication, comme la 4G dans le m\u00e9tro, la mise en place d\u2019un mobilier urbain connect\u00e9 ou encore la mise en place d\u2019un v\u00e9hicule autonome dans Toulouse. Mais ces nouveaut\u00e9s seront aussi d\u2019ordre social, avec par exemple la cr\u00e9ation de quartiers interg\u00e9n\u00e9rationnels.&nbsp;\u00bb <\/p>\n\n\n\n<p>Dans ce communiqu\u00e9, les acteurs du projet d\u00e9finissent le terme de Smart City (<a href=\"https:\/\/www.cnil.fr\/fr\/definition\/smart-city\" target=\"_blank\" rel=\"noreferrer noopener\" aria-label=\"d\u00e9finition du CNIL (s\u2019ouvre dans un nouvel onglet)\">d\u00e9finition du CNIL<\/a>) pour ensuite l\u00e9gitimer le projet \u00ab\u00a0Open M\u00e9tropole\u00a0\u00bb. Il est d\u00e9crit comme un <strong>projet d\u2019innovations urbaines et technologiques<\/strong> d\u00e9di\u00e9 \u00e0 am\u00e9liorer le \u00ab\u00a0quotidien\u00a0\u00bb des toulousain\u00b7e\u00b7s. <\/p>\n\n\n\n<div style=\"height:20px\" aria-hidden=\"true\" class=\"wp-block-spacer\"><\/div>\n\n\n\n<ul class=\"wp-block-gallery aligncenter columns-1 is-cropped wp-block-gallery-2 is-layout-flex wp-block-gallery-is-layout-flex\"><li class=\"blocks-gallery-item\"><figure><img loading=\"lazy\" decoding=\"async\" width=\"738\" height=\"1024\" src=\"https:\/\/longsformats.artecom.studio\/communicationpoltoulouse\/wp-content\/uploads\/sites\/10\/2020\/03\/article-comm_smart-city_A4_TMenG-HD-768x1065-738x1024.png\" alt=\"\" data-id=\"571\" data-link=\"https:\/\/longsformats.artecom.studio\/communicationpoltoulouse\/?attachment_id=571\" class=\"wp-image-571\" srcset=\"https:\/\/longsformats.artecom.studio\/communicationpoltoulouse\/wp-content\/uploads\/sites\/10\/2020\/03\/article-comm_smart-city_A4_TMenG-HD-768x1065-738x1024.png 738w, https:\/\/longsformats.artecom.studio\/communicationpoltoulouse\/wp-content\/uploads\/sites\/10\/2020\/03\/article-comm_smart-city_A4_TMenG-HD-768x1065-216x300.png 216w, https:\/\/longsformats.artecom.studio\/communicationpoltoulouse\/wp-content\/uploads\/sites\/10\/2020\/03\/article-comm_smart-city_A4_TMenG-HD-768x1065.png 768w, https:\/\/longsformats.artecom.studio\/communicationpoltoulouse\/wp-content\/uploads\/sites\/10\/2020\/03\/article-comm_smart-city_A4_TMenG-HD-768x1065-400x555.png 400w\" sizes=\"auto, (max-width: 738px) 100vw, 738px\" \/><\/figure><\/li><\/ul>\n\n\n\n<p>Ce visuel pr\u00e9sente les diff\u00e9rents objectifs du projet Toulouse Open M\u00e9tropole. Sa cible semble \u00eatre le\u00b7la citoyen\u00b7ne toulousain\u00b7e (actif\u00b7ve, jeune famille, \u00e9tudiant\u00b7e). L\u2019information est pr\u00e9sent\u00e9e de mani\u00e8re esth\u00e9tique, claire et simplifi\u00e9e, voire vulgaris\u00e9e. L\u2019usage des pictogrammes r\u00e9v\u00e8le une volont\u00e9 d\u2019inscrire le projet dans la modernit\u00e9, en s\u2019appuyant sur les codes du num\u00e9rique, des r\u00e9seaux sociaux num\u00e9riques et des start-ups (d\u00e9finit par le Larousse comme une \u00ab\u00a0<a href=\"https:\/\/www.larousse.fr\/dictionnaires\/francais\/start-up\/74493\" target=\"_blank\" rel=\"noreferrer noopener\" aria-label=\"Jeune entreprise innovante, notamment dans le secteur des nouvelles technologies. (s\u2019ouvre dans un nouvel onglet)\">Jeune entreprise innovante, notamment dans le secteur des nouvelles technologies.<\/a>\u00ab\u00a0<\/p>\n\n\n\n<div style=\"height:20px\" aria-hidden=\"true\" class=\"wp-block-spacer\"><\/div>\n\n\n\n<h3 class=\"wp-block-heading\">Portrait de Bertrand Serp <\/h3>\n\n\n\n<p style=\"text-align:center\"><a href=\"https:\/\/twitter.com\/bertrandserp?ref_src=twsrc%5Egoogle%7Ctwcamp%5Eserp%7Ctwgr%5Eauthor\" target=\"_blank\" rel=\"noreferrer noopener\" aria-label=\" (s\u2019ouvre dans un nouvel onglet)\">Compte Twitter<\/a><\/p>\n\n\n\n<div style=\"height:20px\" aria-hidden=\"true\" class=\"wp-block-spacer\"><\/div>\n\n\n\n<ul class=\"wp-block-gallery aligncenter columns-1 is-cropped wp-block-gallery-3 is-layout-flex wp-block-gallery-is-layout-flex\"><li class=\"blocks-gallery-item\"><figure><img loading=\"lazy\" decoding=\"async\" width=\"876\" height=\"876\" src=\"https:\/\/longsformats.artecom.studio\/communicationpoltoulouse\/wp-content\/uploads\/sites\/10\/2020\/03\/Capture-d\u2019e\u0301cran-2020-02-27-a\u0300-16.42.59.png\" alt=\"\" data-id=\"574\" data-link=\"https:\/\/longsformats.artecom.studio\/communicationpoltoulouse\/2020\/03\/01\/la-communication-de-toulouse-metropole\/capture-decran-2020-02-27-a-16-42-59\/\" class=\"wp-image-574\" srcset=\"https:\/\/longsformats.artecom.studio\/communicationpoltoulouse\/wp-content\/uploads\/sites\/10\/2020\/03\/Capture-d\u2019e\u0301cran-2020-02-27-a\u0300-16.42.59.png 876w, https:\/\/longsformats.artecom.studio\/communicationpoltoulouse\/wp-content\/uploads\/sites\/10\/2020\/03\/Capture-d\u2019e\u0301cran-2020-02-27-a\u0300-16.42.59-150x150.png 150w, https:\/\/longsformats.artecom.studio\/communicationpoltoulouse\/wp-content\/uploads\/sites\/10\/2020\/03\/Capture-d\u2019e\u0301cran-2020-02-27-a\u0300-16.42.59-300x300.png 300w, https:\/\/longsformats.artecom.studio\/communicationpoltoulouse\/wp-content\/uploads\/sites\/10\/2020\/03\/Capture-d\u2019e\u0301cran-2020-02-27-a\u0300-16.42.59-768x768.png 768w, https:\/\/longsformats.artecom.studio\/communicationpoltoulouse\/wp-content\/uploads\/sites\/10\/2020\/03\/Capture-d\u2019e\u0301cran-2020-02-27-a\u0300-16.42.59-400x400.png 400w, https:\/\/longsformats.artecom.studio\/communicationpoltoulouse\/wp-content\/uploads\/sites\/10\/2020\/03\/Capture-d\u2019e\u0301cran-2020-02-27-a\u0300-16.42.59-200x200.png 200w\" sizes=\"auto, (max-width: 876px) 100vw, 876px\" \/><figcaption>  <a rel=\"noreferrer noopener\" href=\"https:\/\/www.toulouse.fr\/web\/la-mairie\/conseil-municipal\/elus\/-\/representative\/2748238-serp-bertrand\" target=\"_blank\">https:\/\/www.toulouse.fr\/web\/la-mairie\/conseil-municipal\/elus\/-\/representative\/2748238-serp-bertrand<\/a>  <\/figcaption><\/figure><\/li><\/ul>\n\n\n\n<p><\/p>\n\n\n\n<p style=\"text-align:center\">En campagne municipale : <\/p>\n\n\n\n<figure class=\"wp-block-embed-twitter aligncenter wp-block-embed is-type-rich is-provider-twitter\"><div class=\"wp-block-embed__wrapper\">\n<blockquote class=\"twitter-tweet\" data-width=\"550\" data-dnt=\"true\"><p lang=\"fr\" dir=\"ltr\">Week-end de campagne: \u25b6\ufe0fj-15<br>                                                 \u2611\ufe0f\u00c9quipe  <a href=\"https:\/\/twitter.com\/hashtag\/rivegauche?src=hash&amp;ref_src=twsrc%5Etfw\">#rivegauche<\/a> <a href=\"https:\/\/twitter.com\/hashtag\/quartierstcyprien?src=hash&amp;ref_src=twsrc%5Etfw\">#quartierstcyprien<\/a> entre les march\u00e9s et bo\u00eetages du journal ? de campagne <a href=\"https:\/\/twitter.com\/AimerToulouse?ref_src=twsrc%5Etfw\">@AimerToulouse<\/a> \u00ab\u00a0parce que nous aimons Toulouse nous sommes pr\u00eats \u00e0 vous servir\u00a0\u00bb <a href=\"https:\/\/twitter.com\/jlmoudenc?ref_src=twsrc%5Etfw\">@jlmoudenc<\/a> <a href=\"https:\/\/twitter.com\/hashtag\/Toulouse?src=hash&amp;ref_src=twsrc%5Etfw\">#Toulouse<\/a> <a href=\"https:\/\/t.co\/l9QUdroPFg\">pic.twitter.com\/l9QUdroPFg<\/a><\/p>&mdash; Bertrand Serp (@bertrandserp) <a href=\"https:\/\/twitter.com\/bertrandserp\/status\/1234165445042884613?ref_src=twsrc%5Etfw\">March 1, 2020<\/a><\/blockquote><script async src=\"https:\/\/platform.twitter.com\/widgets.js\" charset=\"utf-8\"><\/script>\n<\/div><\/figure>\n\n\n\n<h3 class=\"wp-block-heading\"><a href=\"https:\/\/slideplayer.fr\/slide\/14399063\/\" target=\"_blank\" rel=\"noreferrer noopener\" aria-label=\"Diapositives de pr\u00e9sentation du projet Toulouse Open M\u00e9tropole  (s\u2019ouvre dans un nouvel onglet)\">Diapositives de pr\u00e9sentation du projet Toulouse Open M\u00e9tropole <\/a><\/h3>\n\n\n\n<div class=\"container-wrapper-genially\" style=\"position: relative; min-height: 400px; max-width: 100%;\"><img decoding=\"async\" src=\"https:\/\/genially.blob.core.windows.net\/genially\/version3.0\/loader.gif\" class=\"loader-genially\" style=\"position: absolute; top: 0; right: 0; bottom: 0; left: 0; margin-top: auto; margin-right: auto; margin-bottom: auto; margin-left: auto; z-index: 1;width: 80px; height: 80px;\"><div id=\"5e5bd91534f73c0fdb4ddab5\" class=\"genially-embed\" style=\"margin: 0px auto; position: relative; height: auto; width: 100%;\"><\/div><\/div><script>(function (d) { var js, id = \"genially-embed-js\", ref = d.getElementsByTagName(\"script\")[0]; if (d.getElementById(id)) { return; } js = d.createElement(\"script\"); js.id = id; js.async = true; js.src = \"https:\/\/view.genial.ly\/static\/embed\/embed.js\"; ref.parentNode.insertBefore(js, ref); }(document));<\/script>\n\n\n\n<h2 class=\"wp-block-heading\" style=\"text-align:left\">L&rsquo;Open M\u00e9tropole : le d\u00e9veloppement d&rsquo;une \u00ab ville intelligente \u00bb<\/h2>\n\n\n\n<blockquote style=\"text-align:center\" class=\"wp-block-quote is-layout-flow wp-block-quote-is-layout-flow\"><p><br> Une open m\u00e9tropole ou les donn\u00e9es circulent librement&nbsp;et apportent des solutions techniques dans les domaines de&nbsp;: l\u2019\u00e9nergie, la mobilit\u00e9, l&rsquo;e-citoyennet\u00e9 et le service \u00e0 la personne.<\/p><\/blockquote>\n\n\n\n<figure class=\"wp-block-embed-facebook aligncenter wp-block-embed is-type-video is-provider-facebook\"><div class=\"wp-block-embed__wrapper\">\n<div id=\"fb-root\"><\/div><script async=\"1\" defer=\"1\" crossorigin=\"anonymous\" src=\"https:\/\/connect.facebook.net\/fr_FR\/sdk.js#xfbml=1&amp;version=v7.0\" nonce=\"gCjo5Gfs\"><\/script><div class=\"fb-video\" data-href=\"https:\/\/www.facebook.com\/ToulouseMetropole\/videos\/942336755844491\/?v=942336755844491\" data-width=\"800\"><blockquote cite=\"https:\/\/www.facebook.com\/ToulouseMetropole\/videos\/942336755844491\/\" class=\"fb-xfbml-parse-ignore\"><a href=\"https:\/\/www.facebook.com\/ToulouseMetropole\/videos\/942336755844491\/\">Smart City : Toulouse l&#039;Open M\u00e9tropole<\/a><p>Lanc\u00e9e en 2014, la d\u00e9marche Smartcity, qui vise \u00e0 construire la m\u00e9tropole de demain, vient de f\u00eater ses un an. L&#039;occasion de faire un bilan d&#039;\u00e9tape et de s&#039;int\u00e9resser \u00e0 tous les projets en cours ou \u00e0 venir, dans le cadre du nouveau sch\u00e9ma directeur adopt\u00e9 par la M\u00e9tropole<\/p>Publi\u00e9e par <a href=\"https:\/\/www.facebook.com\/ToulouseMetropole\/\">Toulouse M\u00e9tropole<\/a> sur Vendredi 11 d\u00e9cembre 2015<\/blockquote><\/div>\n<\/div><\/figure>\n\n\n\n<p>Cette vid\u00e9o a \u00e9t\u00e9 publi\u00e9e le 11 d\u00e9cembre 2015 sur le r\u00e9seau social num\u00e9rique Facebook et sur la <a href=\"https:\/\/www.facebook.com\/ToulouseMetropole\/?__tn__=kC-R&amp;eid=ARDO_FAUQCC-TNyAV2vbD0cn9sw7z-MupyuV89Re6oeCcAlsIPqsTMu0ov4cdpRj4oKXSEmj7czTAkYN&amp;hc_ref=ARSdAPOxjLJ3jZbnjxDH2HGsFER90WRvGsqWxruwtbh1329QZm6UI2Hi7e9opJDyjzw&amp;__xts__[0]=68.ARAMQoApFFttqdrDUKb3PzXQeuUvnW23b4xVMZdFGff7K9BQq-tiOjg8TDS5oPs6GD9z2hVPPtTzRbDzhHmyjdA6Uk0EgAkheAmt5gWKN2OrVUmE3D5RSl79PqjrjKksYahT3Z1LYXkZz9Cx3GX5ToWlsVm44IlBVWesckbB99BSCQmBehz5tgLTClDFyyDY1dfKbf6sTO0BGL1ISNb9LL14dD3RYDCHbB006oJalizgjkgWzY9nZUEw237UrA-Dn0z_Kx5nYV_g3N0QgGCV8c4JIe9A8-SD8YCTDmhIBBRG978cm352VThybIPquws44uQOc4MQbsNwB5qhFlShnzX2Vxbca4KdeMQuAH03LNcJxYO3DMnDSBjlnjWpVo_FQaznj4W7lviw2Vp_MCKc5LLCXTa61M5bElIhRgmFiF3wK4ohuPh9smoAZYK5r9iH8RDFfuGCpDHg_GT0leNM\" target=\"_blank\" rel=\"noreferrer noopener\" aria-label=\"page officielle de Toulouse M\u00e9tropole (s\u2019ouvre dans un nouvel onglet)\">page officielle de Toulouse M\u00e9tropole<\/a>. Elle parait \u00eatre une pr\u00e9sentation du projet Toulouse Open M\u00e9tropole (englob\u00e9e dans le projet Smart City).  Elle est, avant tout, un outil de communication qui permet aux acteurs du projet d\u2019informer les citoyen.ne.s. <\/p>\n\n\n\n<p><a href=\"https:\/\/www.linkedin.com\/in\/jean-luc-mate-39a849b\/\" target=\"_blank\" rel=\"noreferrer noopener\" aria-label=\"Jean Luc Mat\u00e9 (s\u2019ouvre dans un nouvel onglet)\">Jean Luc Mat\u00e9<\/a>, pr\u00e9sident de l&rsquo;<a rel=\"noreferrer noopener\" aria-label=\"association Cluster Automotech (s\u2019ouvre dans un nouvel onglet)\" href=\"https:\/\/www.automotech.fr\/\" target=\"_blank\">association Cluster Automotech<\/a>, prend la parole pour citer une des am\u00e9liorations au niveau de la mobilit\u00e9. Par exemple, lorsque le citoyen cherche une place de parking ou circule dans la ville, des capteurs situ\u00e9s dans la chauss\u00e9e lui pr\u00e9viendront des zones d\u2019embouteillage. <\/p>\n\n\n\n<p>Bertrand Serp cite ensuite un autre exemple&nbsp;: les capteurs dans les poubelles. Ils permettront de savoir si l\u2019\u00e9tat actuel des poubelles dans nos villes, et ainsi de \u00ab&nbsp;mieux rationaliser nos tourn\u00e9es, faire des \u00e9conomies, d\u2019\u00eatre <em>smart<\/em> et plus intelligent dans nos <em>process<\/em>&nbsp;\u00bb. <\/p>\n\n\n\n<p>La communication lanc\u00e9e par Toulouse M\u00e9tropole est centr\u00e9e sur l\u2019aspect innovant et moderne d\u2019une ville intelligente. Elle met notamment en en avant toutes les am\u00e9liorations quotidiennes qu\u2019elle suscitera. Ce projet apparait ainsi comme moderne et devrait rendre plus facile le quotidien des toulousain\u00b7e\u00b7s. <\/p>\n\n\n\n<p>Comment ne pas \u00eatre s\u00e9duit&nbsp;\u00e0 l\u2019\u00e9gard d\u2019une telle communication ? Mais cette vid\u00e9o n\u2019aborde pas <a href=\"https:\/\/longsformats.artecom.studio\/communicationpoltoulouse\/2020\/02\/29\/toulouse-ville-intelligente-protection-ou-surveillance-a-lere-du-digital\/\">les dispositifs techniques, num\u00e9riques et de surveillances<\/a> qui sont (et vont \u00eatre) mis en place pour dans le cadre du projet Smart City. <\/p>\n\n\n\n<p>Toulouse est ainsi d\u00e9crite comme \u00ab&nbsp;un territoire d\u2019innovation&nbsp;\u00bb, une niche \u00e0 start-ups, par la pluralit\u00e9 des acteurs enr\u00f4l\u00e9s dans ce projet d\u2019envergure&nbsp;: 350 citoyens, start-ups, PME, TPE,<em> glosters<\/em> et grandes entreprises, ainsi que des partenaires institutionnels. Ce projet dispose \u00e9galement d&rsquo;un budget d\u2019envergure : \u00ab&nbsp;Sur les 5 prochaines ann\u00e9es, un tiers du budget consacr\u00e9 au d\u00e9veloppement \u00e9conomique par Toulouse m\u00e9tropole va b\u00e9n\u00e9ficier aux acteurs de la Smart City, \u00e0 raison de 100 millions d\u2019euros par an. \u00bb <\/p>\n\n\n\n<p><strong>Capteurs, cam\u00e9ras, hauts parleurs, IBM&#8230; sont autant de dispositifs qui sont aujourd&rsquo;hui d\u00e9ploy\u00e9s dans la ville.<\/strong> Est-ce qu&rsquo;il s&rsquo;agit r\u00e9ellement d&rsquo;une solution pour am\u00e9liorer notre quotidien et aller \u00e0 l&rsquo;encontre de l&rsquo;ins\u00e9curit\u00e9 ? Ou s&rsquo;agit-il d&rsquo;un moyen de contr\u00f4ler les citoyen.ne.s tout en marchandant leurs donn\u00e9es ? <\/p>\n\n\n\n<h3 class=\"wp-block-heading\" style=\"text-align:left\">Retour sur l\u2019\u00e9v\u00e9nement \u00ab&nbsp;Toulouse 2030&nbsp;\u00bb, tenu du 12 au 14 octobre 2019 \u2013 Place du Capitole <\/h3>\n\n\n\n<div style=\"height:47px\" aria-hidden=\"true\" class=\"wp-block-spacer\"><\/div>\n\n\n\n<ul class=\"wp-block-gallery columns-1 is-cropped wp-block-gallery-4 is-layout-flex wp-block-gallery-is-layout-flex\"><li class=\"blocks-gallery-item\"><figure><img loading=\"lazy\" decoding=\"async\" width=\"900\" height=\"471\" src=\"https:\/\/longsformats.artecom.studio\/communicationpoltoulouse\/wp-content\/uploads\/sites\/10\/2020\/03\/Visuel-Toulouse-2030.jpg\" alt=\"\" data-id=\"579\" data-link=\"https:\/\/longsformats.artecom.studio\/communicationpoltoulouse\/?attachment_id=579\" class=\"wp-image-579\" srcset=\"https:\/\/longsformats.artecom.studio\/communicationpoltoulouse\/wp-content\/uploads\/sites\/10\/2020\/03\/Visuel-Toulouse-2030.jpg 900w, https:\/\/longsformats.artecom.studio\/communicationpoltoulouse\/wp-content\/uploads\/sites\/10\/2020\/03\/Visuel-Toulouse-2030-300x157.jpg 300w, https:\/\/longsformats.artecom.studio\/communicationpoltoulouse\/wp-content\/uploads\/sites\/10\/2020\/03\/Visuel-Toulouse-2030-768x402.jpg 768w, https:\/\/longsformats.artecom.studio\/communicationpoltoulouse\/wp-content\/uploads\/sites\/10\/2020\/03\/Visuel-Toulouse-2030-400x209.jpg 400w\" sizes=\"auto, (max-width: 900px) 100vw, 900px\" \/><figcaption> <br> <br> <br> <br> <br>\u00a9 <a href=\"https:\/\/toulouse2030.fr\/programme\/\" target=\"_blank\" rel=\"noreferrer noopener\" aria-label=\" (s\u2019ouvre dans un nouvel onglet)\">https:\/\/toulouse2030.fr\/programme\/<\/a> <\/figcaption><\/figure><\/li><\/ul>\n\n\n\n<p>Ce rendez-vous est l\u2019occasion pour les acteurs priv\u00e9s et publics de l\u2019am\u00e9nagement et du d\u00e9veloppement urbain de la ville rose d\u2019informer le public sur les projets et chantiers en cours sur le territoire. Il est d\u00e9crit comme \u00e9tant un \u00e9v\u00e8nement&nbsp;: <\/p>\n\n\n\n<ul class=\"wp-block-list\"><li><strong>Exceptionnel<\/strong>&nbsp;: de par sa position g\u00e9ographique, la place du Capitole, un \u00e9l\u00e9ment central de la ville. Ce choix spatial peut ainsi r\u00e9v\u00e9ler les ambitions du projet. <\/li><li><strong>Pop-up<\/strong>&nbsp;: \u00ab&nbsp;3 jours de f\u00eates&nbsp;\u00bb, dont l\u2019objectif est d\u2019\u00eatre le \u00ab&nbsp;plus percutant possible et de proposer un grand week-end de f\u00eates autour de la ville de demain&nbsp;\u00bb.<\/li><li><strong>Savant et populaire&nbsp;<\/strong>: de par son contenu d\u00e9fini comme riche (sc\u00e9nographie, programmation \u00e9clectique, invit\u00e9s de renoms).<\/li><li><strong>F\u00e9d\u00e9rateur&nbsp;<\/strong>: le \u00ab&nbsp;Tous ensemble&nbsp;\u00bb (institutions locales, grands projets urbains, am\u00e9nageurs, promoteurs, architectes, urbanistes, paysagistes, partenaires&#8230;) qui permettra de \u00ab donner la parole \u00e0 chacun d\u2019entre eux et d\u2019offrir une v\u00e9ritable visibilit\u00e9 aux travaux qu\u2019ils d\u00e9fendent \u00bb. <\/li><\/ul>\n\n\n\n<p>Nous pouvons remarquer que la diversit\u00e9 du programme et des activit\u00e9s propos\u00e9es rendent le contenu ouvert \u00e0 tou.te.s. La cible d\u2019un tel \u00e9v\u00e9nement est grand public (interg\u00e9n\u00e9rationnelle et diversifi\u00e9e). Nous remarquons une volont\u00e9 d\u2019informer le public selon 2 niveaux de lecture&nbsp;: un contenu savant, destin\u00e9 au public averti ; et un contenu informationnel davantage vulgaris\u00e9, destin\u00e9 \u00e0 un public plus large. <\/p>\n\n\n\n<p>Un des objectifs d\u2019un \u00e9v\u00e9nement de cette envergure semble \u00e9galement se situer dans la cr\u00e9ation d\u2019une communaut\u00e9. Cette derni\u00e8re se lierait <em>via<\/em> les valeurs communiqu\u00e9es par Toulouse M\u00e9tropole. Dans un tel contexte, la modernit\u00e9, l\u2019innovation et la technique serviraient de maillon f\u00e9d\u00e9rateur au d\u00e9veloppement d\u2019une communaut\u00e9, que l\u2019on pourrait qualifier \u00ab&nbsp;d\u2019intelligente&nbsp;\u00bb \u00e0 l\u2019aube de la \u00ab&nbsp;Smart City de demain&nbsp;\u00bb. <\/p>\n\n\n\n<p>Les moyens mis en \u0153uvre pour cet \u00e9v\u00e9nement paraissent \u00eatre importants (budget cons\u00e9quent et invit\u00e9s de marques), le but principal \u00e9tant s\u00fbrement de faire entendre et accepter le projet Toulouse M\u00e9tropole aupr\u00e8s de l\u2019opinion publique. La strat\u00e9gie de communication, quant \u00e0 elle, est centr\u00e9e sur la s\u00e9duction, c\u2019est-\u00e0-dire que la forme et le fond ont \u00e9t\u00e9 pens\u00e9 pour s\u00e9duire le public, les spectateur\u00b7trice\u00b7s, et les faire adh\u00e9rer aux valeurs transmises. <\/p>\n\n\n\n<div style=\"height:59px\" aria-hidden=\"true\" class=\"wp-block-spacer\"><\/div>\n\n\n\n<ul class=\"wp-block-gallery aligncenter columns-1 is-cropped wp-block-gallery-5 is-layout-flex wp-block-gallery-is-layout-flex\"><li class=\"blocks-gallery-item\"><figure><img loading=\"lazy\" decoding=\"async\" width=\"1024\" height=\"294\" src=\"https:\/\/longsformats.artecom.studio\/communicationpoltoulouse\/wp-content\/uploads\/sites\/10\/2020\/03\/Capture-d\u2019e\u0301cran-2020-02-29-a\u0300-17.08.35-1024x294.png\" alt=\"\" data-id=\"580\" data-link=\"https:\/\/longsformats.artecom.studio\/communicationpoltoulouse\/2020\/03\/01\/la-communication-de-toulouse-metropole\/capture-decran-2020-02-29-a-17-08-35\/\" class=\"wp-image-580\" srcset=\"https:\/\/longsformats.artecom.studio\/communicationpoltoulouse\/wp-content\/uploads\/sites\/10\/2020\/03\/Capture-d\u2019e\u0301cran-2020-02-29-a\u0300-17.08.35-1024x294.png 1024w, https:\/\/longsformats.artecom.studio\/communicationpoltoulouse\/wp-content\/uploads\/sites\/10\/2020\/03\/Capture-d\u2019e\u0301cran-2020-02-29-a\u0300-17.08.35-300x86.png 300w, https:\/\/longsformats.artecom.studio\/communicationpoltoulouse\/wp-content\/uploads\/sites\/10\/2020\/03\/Capture-d\u2019e\u0301cran-2020-02-29-a\u0300-17.08.35-768x221.png 768w, https:\/\/longsformats.artecom.studio\/communicationpoltoulouse\/wp-content\/uploads\/sites\/10\/2020\/03\/Capture-d\u2019e\u0301cran-2020-02-29-a\u0300-17.08.35-1250x359.png 1250w, https:\/\/longsformats.artecom.studio\/communicationpoltoulouse\/wp-content\/uploads\/sites\/10\/2020\/03\/Capture-d\u2019e\u0301cran-2020-02-29-a\u0300-17.08.35-400x115.png 400w\" sizes=\"auto, (max-width: 1024px) 100vw, 1024px\" \/><\/figure><\/li><\/ul>\n\n\n\n<div style=\"height:35px\" aria-hidden=\"true\" class=\"wp-block-spacer\"><\/div>\n\n\n\n<h3 class=\"wp-block-heading\" style=\"text-align:center\"><strong>La\nbataille entre Toulouse 2030 et Toulouse 2031 <\/strong><\/h3>\n\n\n\n<div style=\"height:26px\" aria-hidden=\"true\" class=\"wp-block-spacer\"><\/div>\n\n\n\n<p><a rel=\"noreferrer noopener\" aria-label=\"Toulouse 2031 (s\u2019ouvre dans un nouvel onglet)\" href=\"http:\/\/www.toulouse2031.fr\/\" target=\"_blank\">Toulouse 2031<\/a> est un collectif regroupant 29 associations. Cette alliance pr\u00f4ne la volont\u00e9 d&rsquo;aller \u00e0 l\u2019encontre des projets d\u00e9velopp\u00e9s par Toulouse 2030. Leurs objectifs est ainsi de placer le citoyen.ne au c\u0153ur du d\u00e9veloppement de sa ville. Pour faire \u00ab face \u00e0 Toulouse 2030, le lobby des multinationales (immobilier, eau, banques), Toulouse 2031 s\u2019efforce de proposer un futur pour tous les Toulousain\u00b7e\u00b7s \u00bb. <\/p>\n\n\n\n<div style=\"height:20px\" aria-hidden=\"true\" class=\"wp-block-spacer\"><\/div>\n\n\n\n<ul class=\"wp-block-gallery aligncenter columns-1 is-cropped wp-block-gallery-6 is-layout-flex wp-block-gallery-is-layout-flex\"><li class=\"blocks-gallery-item\"><figure><img loading=\"lazy\" decoding=\"async\" width=\"1024\" height=\"742\" src=\"https:\/\/longsformats.artecom.studio\/communicationpoltoulouse\/wp-content\/uploads\/sites\/10\/2020\/03\/image-1024x742.jpg\" alt=\"\" data-id=\"632\" data-link=\"https:\/\/longsformats.artecom.studio\/communicationpoltoulouse\/?attachment_id=632\" class=\"wp-image-632\" srcset=\"https:\/\/longsformats.artecom.studio\/communicationpoltoulouse\/wp-content\/uploads\/sites\/10\/2020\/03\/image.jpg 1024w, https:\/\/longsformats.artecom.studio\/communicationpoltoulouse\/wp-content\/uploads\/sites\/10\/2020\/03\/image-300x217.jpg 300w, https:\/\/longsformats.artecom.studio\/communicationpoltoulouse\/wp-content\/uploads\/sites\/10\/2020\/03\/image-768x557.jpg 768w, https:\/\/longsformats.artecom.studio\/communicationpoltoulouse\/wp-content\/uploads\/sites\/10\/2020\/03\/image-400x290.jpg 400w\" sizes=\"auto, (max-width: 1024px) 100vw, 1024px\" \/><figcaption>Les repr\u00e9sentants des principales associations composantes du collectif Toulouse 2031 \/ Photo DDM JNG \/ \u00a9 <a rel=\"noreferrer noopener\" aria-label=\"La d\u00e9p\u00eache.  (s\u2019ouvre dans un nouvel onglet)\" href=\"https:\/\/www.ladepeche.fr\/2019\/06\/13\/toulouse-2031-lautre-vision-de-la-ville-dun-collectif-dassociations,8254253.php\" target=\"_blank\">La D\u00e9p\u00eache<\/a><\/figcaption><\/figure><\/li><\/ul>\n\n\n\n<p>Les 15 et 16 juin 2019, les associations, les b\u00e9n\u00e9voles, les collectifs et les organisateurs (le <a rel=\"noreferrer noopener\" aria-label=\"DAL31 (s\u2019ouvre dans un nouvel onglet)\" href=\"https:\/\/www.droitaulogement.org\/tag\/dal-31\/\" target=\"_blank\">DAL31<\/a>, <a rel=\"noreferrer noopener\" aria-label=\"Non \u00e0 Val Tolosa (s\u2019ouvre dans un nouvel onglet)\" href=\"https:\/\/www.gardaremlamenude.com\/blog\/pages\/accueil\" target=\"_blank\">Non \u00e0 Val Tolosa<\/a>, <a rel=\"noreferrer noopener\" aria-label=\"St Cyp\u2019 quartier libre (s\u2019ouvre dans un nouvel onglet)\" href=\"https:\/\/www.saint-cyprien-quartier-libre.com\/\" target=\"_blank\">St Cyp\u2019 quartier libre<\/a>, <a rel=\"noreferrer noopener\" aria-label=\"Non au gratte-ciel de Toulouse (s\u2019ouvre dans un nouvel onglet)\" href=\"https:\/\/nonaugratteciel.wordpress.com\/\" target=\"_blank\">Non au gratte-ciel de Toulouse<\/a> ou encore l\u2019<a href=\"http:\/\/universitepopulairetoulouse.fr\/\" target=\"_blank\" rel=\"noreferrer noopener\" aria-label=\"Universit\u00e9 populaire de Toulouse (s\u2019ouvre dans un nouvel onglet)\">Universit\u00e9 populaire de Toulouse<\/a>) se sont r\u00e9unis sur les quais de la Daurade. <\/p>\n\n\n\n<p>N\u00e9 en r\u00e9action \u00e0 l&rsquo;\u00e9v\u00e9nement Toulouse 2030, Toulouse 2031 lutte \u00ab contre la privatisation de l&rsquo;a\u00e9roport, pour l&rsquo;acc\u00e8s au logement, <a rel=\"noreferrer noopener\" aria-label=\"contre le projet de tour Occitanie (s\u2019ouvre dans un nouvel onglet)\" href=\"https:\/\/longsformats.artecom.studio\/communicationpoltoulouse\/2020\/02\/26\/tour-occitanie-et-grand-matabiau\/\" target=\"_blank\">contre le projet de tour Occitanie<\/a>, pour une gestion publique de l&rsquo;eau\u2026 \u00bb. Une bataille est lanc\u00e9e, la ville rose (ou la prochaine <em>start-up city<\/em>) devient source de convoitises, o\u00f9 banquiers, promoteurs, institutions, associations et citoyens s&rsquo;affrontent. <\/p>\n\n\n\n<p>Mais, face au pouvoir de leurs adversaires, la parole de ces associations peut-elle suffire \u00e0 retarder un projet d&rsquo;une telle envergure ? <\/p>\n\n\n\n<figure class=\"wp-block-embed-facebook aligncenter wp-block-embed is-type-video is-provider-facebook\"><div class=\"wp-block-embed__wrapper\">\n<div id=\"fb-root\"><\/div><script async=\"1\" defer=\"1\" crossorigin=\"anonymous\" src=\"https:\/\/connect.facebook.net\/fr_FR\/sdk.js#xfbml=1&amp;version=v7.0\" nonce=\"6ACVyiYQ\"><\/script><div class=\"fb-video\" data-href=\"https:\/\/www.facebook.com\/toulouse2031\/videos\/847864758904914\/?comment_id=2621767054618800&amp;v=847864758904914&amp;notif_id=1583082381323747&amp;notif_t=comment_mention\" data-width=\"800\"><blockquote cite=\"https:\/\/www.facebook.com\/toulouse2031\/videos\/847864758904914\/\" class=\"fb-xfbml-parse-ignore\"><a href=\"https:\/\/www.facebook.com\/toulouse2031\/videos\/847864758904914\/\">Toulouse 2031 is coming!<\/a><p>ALLOCUTION EXCEPTIONNELLE DE JVC:&quot; Good news: dans le cadre de notre partenariat avec nos amis de la &#064;Compagnie De Phalsbourg, nous avons sign\u00e9 le permis de construire de la Tour d&#039;Occitanie! Un grand pas pour le tourisme d&#039;affaire dans notre ville!Un immense merci aux lobbys de l&#039;immobilier et du BTP pour nous avoir aid\u00e9 \u00e0 b\u00e9tonner l&#039;Enqu\u00eate Publique, \u00e7a c&#039;est du team-building!&quot;??<\/p>Publi\u00e9e par <a href=\"https:\/\/www.facebook.com\/toulouse2031\/\">Toulouse 2031<\/a> sur Dimanche 26 mai 2019<\/blockquote><\/div>\n<\/div><\/figure>\n\n\n\n<div style=\"height:55px\" aria-hidden=\"true\" class=\"wp-block-spacer\"><\/div>\n\n\n\n<h3 class=\"wp-block-heading\">Retour sur l\u2019\u00e9v\u00e9nement Smart City Toulouse, tenu le 13 d\u00e9cembre 2019 &#8211; Place du Capitole<\/h3>\n\n\n\n<p>Cet \u00e9v\u00e9nement \u00e0 \u00e9t\u00e9 organis\u00e9 par Toulouse M\u00e9tropole, La Tribune et <a rel=\"noreferrer noopener\" aria-label=\"Live Living City (s\u2019ouvre dans un nouvel onglet)\" href=\"http:\/\/www.liveinalivingcity.com\/\" target=\"_blank\">Live Living City<\/a>.  <\/p>\n\n\n\n<div style=\"height:25px\" aria-hidden=\"true\" class=\"wp-block-spacer\"><\/div>\n\n\n\n<ul class=\"wp-block-gallery columns-1 is-cropped wp-block-gallery-7 is-layout-flex wp-block-gallery-is-layout-flex\"><li class=\"blocks-gallery-item\"><figure><img loading=\"lazy\" decoding=\"async\" width=\"1024\" height=\"576\" src=\"https:\/\/longsformats.artecom.studio\/communicationpoltoulouse\/wp-content\/uploads\/sites\/10\/2020\/03\/professeur-carlos-moreno-forum-smart-city-toulouse-france-ville-intelligente-la-tribune-event-1024x576.jpg\" alt=\"\" data-id=\"581\" data-link=\"https:\/\/longsformats.artecom.studio\/communicationpoltoulouse\/?attachment_id=581\" class=\"wp-image-581\" srcset=\"https:\/\/longsformats.artecom.studio\/communicationpoltoulouse\/wp-content\/uploads\/sites\/10\/2020\/03\/professeur-carlos-moreno-forum-smart-city-toulouse-france-ville-intelligente-la-tribune-event-1024x576.jpg 1024w, https:\/\/longsformats.artecom.studio\/communicationpoltoulouse\/wp-content\/uploads\/sites\/10\/2020\/03\/professeur-carlos-moreno-forum-smart-city-toulouse-france-ville-intelligente-la-tribune-event-300x169.jpg 300w, https:\/\/longsformats.artecom.studio\/communicationpoltoulouse\/wp-content\/uploads\/sites\/10\/2020\/03\/professeur-carlos-moreno-forum-smart-city-toulouse-france-ville-intelligente-la-tribune-event-768x432.jpg 768w, https:\/\/longsformats.artecom.studio\/communicationpoltoulouse\/wp-content\/uploads\/sites\/10\/2020\/03\/professeur-carlos-moreno-forum-smart-city-toulouse-france-ville-intelligente-la-tribune-event-1250x703.jpg 1250w, https:\/\/longsformats.artecom.studio\/communicationpoltoulouse\/wp-content\/uploads\/sites\/10\/2020\/03\/professeur-carlos-moreno-forum-smart-city-toulouse-france-ville-intelligente-la-tribune-event-400x225.jpg 400w, https:\/\/longsformats.artecom.studio\/communicationpoltoulouse\/wp-content\/uploads\/sites\/10\/2020\/03\/professeur-carlos-moreno-forum-smart-city-toulouse-france-ville-intelligente-la-tribune-event.jpg 1920w\" sizes=\"auto, (max-width: 1024px) 100vw, 1024px\" \/><figcaption><a rel=\"noreferrer noopener\" aria-label=\" (s\u2019ouvre dans un nouvel onglet)\" href=\"https:\/\/toulouse.latribune.fr\/evenements\/2019-12-09\/forum-city-life-2019-pour-une-smart-city-du-bien-vivre-834965.html\" target=\"_blank\">Le rapport de la journ\u00e9e Smart City Toulouse est disponible sur le site de La Tribune.<\/a><\/figcaption><\/figure><\/li><\/ul>\n\n\n\n<p>La pr\u00e9sentation est ouverte par Jean-Luc Moudenc, suivi par <a href=\"https:\/\/twitter.com\/cedric_o?ref_src=twsrc%5Egoogle%7Ctwcamp%5Eserp%7Ctwgr%5Eauthor\" target=\"_blank\" rel=\"noreferrer noopener\" aria-label=\"C\u00e9dric O (s\u2019ouvre dans un nouvel onglet)\">C\u00e9dric O<\/a>, secr\u00e9taire d&rsquo;\u00c9tat au Num\u00e9rique. Au cours de la journ\u00e9e, diff\u00e9rents th\u00e8mes ont \u00e9t\u00e9 abord\u00e9s :\u00a0<\/p>\n\n\n\n<ul class=\"wp-block-list\"><li><strong>Les nouveaux enjeux de l&rsquo;intelligence artificielle (IA)<\/strong><\/li><li><strong>L\u2019innovation sociale, ou les nouvelles armes donn\u00e9es par la Smart City pour lutter contre toutes les formes d&rsquo;exclusion sociale, au b\u00e9n\u00e9fice de la qualit\u00e9 de vie<\/strong><\/li><li><strong>La nature en ville, face \u00e0 l\u2019urgence climatique<\/strong><\/li><li><strong>Les nouvelles perspectives donn\u00e9es par la gestion de l&rsquo;espace et des<a rel=\"noreferrer noopener\" aria-label=\" mobilit\u00e9s (s\u2019ouvre dans un nouvel onglet)\" href=\"https:\/\/longsformats.artecom.studio\/communicationpoltoulouse\/2020\/02\/13\/toulouse-et-son-metro\/\" target=\"_blank\"> mobilit\u00e9s<\/a> (\u00e0 travers la Smart City) <\/strong><\/li><\/ul>\n\n\n\n<p>Par ces 4 th\u00e8mes, les acteurs priv\u00e9s et publics pr\u00e9sentent les grands objectifs du plan Smart City&nbsp;: le d\u00e9veloppement d\u2019une ville intelligente bas\u00e9e sur l\u2019innovation sociale et num\u00e9rique. Ces progr\u00e8s semblent repr\u00e9sent\u00e9s des solutions aux probl\u00e8mes sociaux, environnementaux et \u00e9conomiques de Toulouse, et plus largement aux probl\u00e8mes mondiaux.&nbsp;<\/p>\n\n\n\n<p>Les invit\u00e9s viennent de toutes disciplines (\u00e9conomie, g\u00e9ographie, marketing, num\u00e9rique) ou domaines (entrepreneurial, innovation, \u00e9ducation, environnemental) et sont principalement chercheurs ou chefs d\u2019entreprises.&nbsp;<\/p>\n\n\n\n<p>Ce rendez-vous est, ainsi, transdisciplinaire et allie le fonctionnement d\u2019une ville \u00e0 celui du monde de l\u2019entreprise. Est-ce qu\u2019une ville peut r\u00e9ellement fonctionner comme une entreprise ? Le d\u00e9veloppement du num\u00e9rique et des start-ups ne serait-il pas sur le point d\u2019englober nos soci\u00e9t\u00e9s modernes ?&nbsp;<\/p>\n\n\n\n<p>Pour les intervenant\u00b7e\u00b7s, la solution se situerait au c\u0153ur de la <strong>transparence<\/strong>, en donnant de l\u2019\u00e9thique aux machines de demain. Est-ce qu\u2019une morale appliqu\u00e9e aux technologies suffirait \u00e0 nous sauver des effets n\u00e9fastes d&rsquo;un monde bas\u00e9 sur l\u2019\u00e9conomie ?&nbsp;<\/p>\n\n\n\n<p><a rel=\"noreferrer noopener\" aria-label=\"Pierrick Merlet (s\u2019ouvre dans un nouvel onglet)\" href=\"\/\/toulouse.latribune.fr\/evenements\/forum-smart-city\/2019-12-16\/smart-city-il-faut-concevoir-une-ia-avec-ses-utilisateurs-et-non-pas-pour-eux-835482.html\" target=\"_blank\">Pierrick Merlet<\/a>, journaliste \u00e0 la Tribune, revient sur ces questions qui animent nos soci\u00e9t\u00e9s \u00e0 l\u2019aube de l\u2019intelligence artificielle : \u00ab Faut-il avoir peur de l&rsquo;intelligence artificielle et des technologies qui l&rsquo;utilisent [&#8230;] ou encore l&rsquo;exploitation des donn\u00e9es que cette intelligence r\u00e9colte sur ses utilisateurs, sans parler des robots intelligents qui pourraient remplacer les hommes ? \u00bb <\/p>\n\n\n\n<p>Sur le terrain, pour faire exister cette\ntransparence, la solution propos\u00e9e est l\u2019instauration d\u2019un cadre politique. Un\nensemble de r\u00e8gles (accords) cr\u00e9ant une charte d\u2019obligations \u00e9thiques.&nbsp;<\/p>\n\n\n\n<p>Pour Bertrand Sep, \u00ab&nbsp;Les politiques sont au c\u0153ur du syst\u00e8me car c&rsquo;est \u00e0 eux de fixer les r\u00e8gles. Alors aujourd&rsquo;hui, il est dit que la France est trop norm\u00e9e mais gr\u00e2ce \u00e0 ces gardes-fous nous savons o\u00f9 nous allons. \u00bb Fixer des limites aux progr\u00e8s tout en garantissant son d\u00e9veloppement&#8230; pour les \u00e9lus, la solution se trouverait donc dans l\u2019\u00e9quilibre. <\/p>\n\n\n\n<div class=\"wp-block-button aligncenter\"><a class=\"wp-block-button__link\" href=\"https:\/\/www.gouvernement.fr\/mon-bulletin-mon-vote-ma-presidentielle\">Allez voter ! <\/a><\/div>\n\n\n<p class=\"aligncenter wp-block-tag-cloud\"><a href=\"https:\/\/longsformats.artecom.studio\/communicationpoltoulouse\/tag\/1984\/\" class=\"tag-cloud-link tag-link-14 tag-link-position-1\" style=\"font-size: 8pt;\" aria-label=\"1984 (1 \u00e9l\u00e9ment)\">1984<\/a>\n<a href=\"https:\/\/longsformats.artecom.studio\/communicationpoltoulouse\/tag\/albanais\/\" class=\"tag-cloud-link tag-link-57 tag-link-position-2\" style=\"font-size: 8pt;\" aria-label=\"albanais (1 \u00e9l\u00e9ment)\">albanais<\/a>\n<a href=\"https:\/\/longsformats.artecom.studio\/communicationpoltoulouse\/tag\/anti-bivouac\/\" class=\"tag-cloud-link tag-link-46 tag-link-position-3\" style=\"font-size: 8pt;\" aria-label=\"Anti-bivouac (1 \u00e9l\u00e9ment)\">Anti-bivouac<\/a>\n<a href=\"https:\/\/longsformats.artecom.studio\/communicationpoltoulouse\/tag\/arrete\/\" class=\"tag-cloud-link tag-link-45 tag-link-position-4\" style=\"font-size: 8pt;\" aria-label=\"Arr\u00eat\u00e9 (1 \u00e9l\u00e9ment)\">Arr\u00eat\u00e9<\/a>\n<a href=\"https:\/\/longsformats.artecom.studio\/communicationpoltoulouse\/tag\/big-brother\/\" class=\"tag-cloud-link tag-link-8 tag-link-position-5\" style=\"font-size: 8pt;\" aria-label=\"Big Brother (1 \u00e9l\u00e9ment)\">Big Brother<\/a>\n<a href=\"https:\/\/longsformats.artecom.studio\/communicationpoltoulouse\/tag\/cameras\/\" class=\"tag-cloud-link tag-link-15 tag-link-position-6\" style=\"font-size: 8pt;\" aria-label=\"cam\u00e9ras (1 \u00e9l\u00e9ment)\">cam\u00e9ras<\/a>\n<a href=\"https:\/\/longsformats.artecom.studio\/communicationpoltoulouse\/tag\/cctv\/\" class=\"tag-cloud-link tag-link-7 tag-link-position-7\" style=\"font-size: 8pt;\" aria-label=\"CCTV (1 \u00e9l\u00e9ment)\">CCTV<\/a>\n<a href=\"https:\/\/longsformats.artecom.studio\/communicationpoltoulouse\/tag\/citoyens\/\" class=\"tag-cloud-link tag-link-35 tag-link-position-8\" style=\"font-size: 8pt;\" aria-label=\"citoyens (1 \u00e9l\u00e9ment)\">citoyens<\/a>\n<a href=\"https:\/\/longsformats.artecom.studio\/communicationpoltoulouse\/tag\/coup-de-communication-politique\/\" class=\"tag-cloud-link tag-link-48 tag-link-position-9\" style=\"font-size: 8pt;\" aria-label=\"coup de communication politique (1 \u00e9l\u00e9ment)\">coup de communication politique<\/a>\n<a href=\"https:\/\/longsformats.artecom.studio\/communicationpoltoulouse\/tag\/declarations\/\" class=\"tag-cloud-link tag-link-51 tag-link-position-10\" style=\"font-size: 8pt;\" aria-label=\"d\u00e9clarations (1 \u00e9l\u00e9ment)\">d\u00e9clarations<\/a>\n<a href=\"https:\/\/longsformats.artecom.studio\/communicationpoltoulouse\/tag\/grand-matabiau\/\" class=\"tag-cloud-link tag-link-27 tag-link-position-11\" style=\"font-size: 8pt;\" aria-label=\"Grand Matabiau (1 \u00e9l\u00e9ment)\">Grand Matabiau<\/a>\n<a href=\"https:\/\/longsformats.artecom.studio\/communicationpoltoulouse\/tag\/horizon-2030\/\" class=\"tag-cloud-link tag-link-29 tag-link-position-12\" style=\"font-size: 8pt;\" aria-label=\"Horizon 2030 (1 \u00e9l\u00e9ment)\">Horizon 2030<\/a>\n<a href=\"https:\/\/longsformats.artecom.studio\/communicationpoltoulouse\/tag\/impuissance-publique\/\" class=\"tag-cloud-link tag-link-58 tag-link-position-13\" style=\"font-size: 8pt;\" aria-label=\"impuissance publique (1 \u00e9l\u00e9ment)\">impuissance publique<\/a>\n<a href=\"https:\/\/longsformats.artecom.studio\/communicationpoltoulouse\/tag\/insecurite\/\" class=\"tag-cloud-link tag-link-50 tag-link-position-14\" style=\"font-size: 8pt;\" aria-label=\"ins\u00e9curit\u00e9 (1 \u00e9l\u00e9ment)\">ins\u00e9curit\u00e9<\/a>\n<a href=\"https:\/\/longsformats.artecom.studio\/communicationpoltoulouse\/tag\/international\/\" class=\"tag-cloud-link tag-link-31 tag-link-position-15\" style=\"font-size: 8pt;\" aria-label=\"International (1 \u00e9l\u00e9ment)\">International<\/a>\n<a href=\"https:\/\/longsformats.artecom.studio\/communicationpoltoulouse\/tag\/intervention-policiere\/\" class=\"tag-cloud-link tag-link-54 tag-link-position-16\" style=\"font-size: 8pt;\" aria-label=\"Intervention polici\u00e8re (1 \u00e9l\u00e9ment)\">Intervention polici\u00e8re<\/a>\n<a href=\"https:\/\/longsformats.artecom.studio\/communicationpoltoulouse\/tag\/jean-luc-moudenc\/\" class=\"tag-cloud-link tag-link-47 tag-link-position-17\" style=\"font-size: 8pt;\" aria-label=\"Jean-Luc Moudenc (1 \u00e9l\u00e9ment)\">Jean-Luc Moudenc<\/a>\n<a href=\"https:\/\/longsformats.artecom.studio\/communicationpoltoulouse\/tag\/levier-juridique\/\" class=\"tag-cloud-link tag-link-55 tag-link-position-18\" style=\"font-size: 8pt;\" aria-label=\"levier juridique (1 \u00e9l\u00e9ment)\">levier juridique<\/a>\n<a href=\"https:\/\/longsformats.artecom.studio\/communicationpoltoulouse\/tag\/libertes\/\" class=\"tag-cloud-link tag-link-16 tag-link-position-19\" style=\"font-size: 8pt;\" aria-label=\"libert\u00e9s (1 \u00e9l\u00e9ment)\">libert\u00e9s<\/a>\n<a href=\"https:\/\/longsformats.artecom.studio\/communicationpoltoulouse\/tag\/marketing-territorial\/\" class=\"tag-cloud-link tag-link-39 tag-link-position-20\" style=\"font-size: 8pt;\" aria-label=\"Marketing territorial (1 \u00e9l\u00e9ment)\">Marketing territorial<\/a>\n<a href=\"https:\/\/longsformats.artecom.studio\/communicationpoltoulouse\/tag\/mesure-choc\/\" class=\"tag-cloud-link tag-link-49 tag-link-position-21\" style=\"font-size: 8pt;\" aria-label=\"mesure choc (1 \u00e9l\u00e9ment)\">mesure choc<\/a>\n<a href=\"https:\/\/longsformats.artecom.studio\/communicationpoltoulouse\/tag\/metro\/\" class=\"tag-cloud-link tag-link-34 tag-link-position-22\" style=\"font-size: 8pt;\" aria-label=\"metro (1 \u00e9l\u00e9ment)\">metro<\/a>\n<a href=\"https:\/\/longsformats.artecom.studio\/communicationpoltoulouse\/tag\/mobilite\/\" class=\"tag-cloud-link tag-link-38 tag-link-position-23\" style=\"font-size: 13.25pt;\" aria-label=\"mobilit\u00e9 (2 \u00e9l\u00e9ments)\">mobilit\u00e9<\/a>\n<a href=\"https:\/\/longsformats.artecom.studio\/communicationpoltoulouse\/tag\/occitanie\/\" class=\"tag-cloud-link tag-link-17 tag-link-position-24\" style=\"font-size: 8pt;\" aria-label=\"Occitanie (1 \u00e9l\u00e9ment)\">Occitanie<\/a>\n<a href=\"https:\/\/longsformats.artecom.studio\/communicationpoltoulouse\/tag\/open-metropole\/\" class=\"tag-cloud-link tag-link-19 tag-link-position-25\" style=\"font-size: 8pt;\" aria-label=\"Open M\u00e9tropole (1 \u00e9l\u00e9ment)\">Open M\u00e9tropole<\/a>\n<a href=\"https:\/\/longsformats.artecom.studio\/communicationpoltoulouse\/tag\/parole-citoyenne\/\" class=\"tag-cloud-link tag-link-40 tag-link-position-26\" style=\"font-size: 8pt;\" aria-label=\"parole citoyenne (1 \u00e9l\u00e9ment)\">parole citoyenne<\/a>\n<a href=\"https:\/\/longsformats.artecom.studio\/communicationpoltoulouse\/tag\/politique\/\" class=\"tag-cloud-link tag-link-9 tag-link-position-27\" style=\"font-size: 8pt;\" aria-label=\"Politique (1 \u00e9l\u00e9ment)\">Politique<\/a>\n<a href=\"https:\/\/longsformats.artecom.studio\/communicationpoltoulouse\/tag\/projet-urbain\/\" class=\"tag-cloud-link tag-link-42 tag-link-position-28\" style=\"font-size: 13.25pt;\" aria-label=\"Projet urbain (2 \u00e9l\u00e9ments)\">Projet urbain<\/a>\n<a href=\"https:\/\/longsformats.artecom.studio\/communicationpoltoulouse\/tag\/precarite-sociale\/\" class=\"tag-cloud-link tag-link-60 tag-link-position-29\" style=\"font-size: 8pt;\" aria-label=\"pr\u00e9carit\u00e9 sociale (1 \u00e9l\u00e9ment)\">pr\u00e9carit\u00e9 sociale<\/a>\n<a href=\"https:\/\/longsformats.artecom.studio\/communicationpoltoulouse\/tag\/sans-abrisme\/\" class=\"tag-cloud-link tag-link-59 tag-link-position-30\" style=\"font-size: 8pt;\" aria-label=\"sans-abrisme (1 \u00e9l\u00e9ment)\">sans-abrisme<\/a>\n<a href=\"https:\/\/longsformats.artecom.studio\/communicationpoltoulouse\/tag\/smart-city\/\" class=\"tag-cloud-link tag-link-11 tag-link-position-31\" style=\"font-size: 13.25pt;\" aria-label=\"smart city (2 \u00e9l\u00e9ments)\">smart city<\/a>\n<a href=\"https:\/\/longsformats.artecom.studio\/communicationpoltoulouse\/tag\/technopolice\/\" class=\"tag-cloud-link tag-link-10 tag-link-position-32\" style=\"font-size: 8pt;\" aria-label=\"Technopolice (1 \u00e9l\u00e9ment)\">Technopolice<\/a>\n<a href=\"https:\/\/longsformats.artecom.studio\/communicationpoltoulouse\/tag\/tentes\/\" class=\"tag-cloud-link tag-link-56 tag-link-position-33\" style=\"font-size: 8pt;\" aria-label=\"tentes (1 \u00e9l\u00e9ment)\">tentes<\/a>\n<a href=\"https:\/\/longsformats.artecom.studio\/communicationpoltoulouse\/tag\/teso\/\" class=\"tag-cloud-link tag-link-28 tag-link-position-34\" style=\"font-size: 8pt;\" aria-label=\"TESO (1 \u00e9l\u00e9ment)\">TESO<\/a>\n<a href=\"https:\/\/longsformats.artecom.studio\/communicationpoltoulouse\/tag\/toulouse\/\" class=\"tag-cloud-link tag-link-5 tag-link-position-35\" style=\"font-size: 22pt;\" aria-label=\"Toulouse (5 \u00e9l\u00e9ments)\">Toulouse<\/a>\n<a href=\"https:\/\/longsformats.artecom.studio\/communicationpoltoulouse\/tag\/toulouse-2030\/\" class=\"tag-cloud-link tag-link-30 tag-link-position-36\" style=\"font-size: 8pt;\" aria-label=\"Toulouse 2030 (1 \u00e9l\u00e9ment)\">Toulouse 2030<\/a>\n<a href=\"https:\/\/longsformats.artecom.studio\/communicationpoltoulouse\/tag\/tour-occitanie\/\" class=\"tag-cloud-link tag-link-25 tag-link-position-37\" style=\"font-size: 8pt;\" aria-label=\"Tour Occitanie (1 \u00e9l\u00e9ment)\">Tour Occitanie<\/a>\n<a href=\"https:\/\/longsformats.artecom.studio\/communicationpoltoulouse\/tag\/telepherique-urbain\/\" class=\"tag-cloud-link tag-link-37 tag-link-position-38\" style=\"font-size: 8pt;\" aria-label=\"T\u00e9l\u00e9ph\u00e9rique urbain (1 \u00e9l\u00e9ment)\">T\u00e9l\u00e9ph\u00e9rique urbain<\/a>\n<a href=\"https:\/\/longsformats.artecom.studio\/communicationpoltoulouse\/tag\/urbanisme\/\" class=\"tag-cloud-link tag-link-32 tag-link-position-39\" style=\"font-size: 8pt;\" aria-label=\"urbanisme (1 \u00e9l\u00e9ment)\">urbanisme<\/a>\n<a href=\"https:\/\/longsformats.artecom.studio\/communicationpoltoulouse\/tag\/videoprotection\/\" class=\"tag-cloud-link tag-link-12 tag-link-position-40\" style=\"font-size: 8pt;\" aria-label=\"vid\u00e9oprotection (1 \u00e9l\u00e9ment)\">vid\u00e9oprotection<\/a>\n<a href=\"https:\/\/longsformats.artecom.studio\/communicationpoltoulouse\/tag\/videosurveillance\/\" class=\"tag-cloud-link tag-link-13 tag-link-position-41\" style=\"font-size: 8pt;\" aria-label=\"vid\u00e9osurveillance (1 \u00e9l\u00e9ment)\">vid\u00e9osurveillance<\/a>\n<a href=\"https:\/\/longsformats.artecom.studio\/communicationpoltoulouse\/tag\/ville-mobile\/\" class=\"tag-cloud-link tag-link-41 tag-link-position-42\" style=\"font-size: 8pt;\" aria-label=\"ville mobile (1 \u00e9l\u00e9ment)\">ville mobile<\/a>\n<a href=\"https:\/\/longsformats.artecom.studio\/communicationpoltoulouse\/tag\/ville-rose\/\" class=\"tag-cloud-link tag-link-6 tag-link-position-43\" style=\"font-size: 8pt;\" aria-label=\"Ville Rose (1 \u00e9l\u00e9ment)\">Ville Rose<\/a>\n<a href=\"https:\/\/longsformats.artecom.studio\/communicationpoltoulouse\/tag\/visibilite\/\" class=\"tag-cloud-link tag-link-52 tag-link-position-44\" style=\"font-size: 8pt;\" aria-label=\"visibilit\u00e9 (1 \u00e9l\u00e9ment)\">visibilit\u00e9<\/a>\n<a href=\"https:\/\/longsformats.artecom.studio\/communicationpoltoulouse\/tag\/voie-publique\/\" class=\"tag-cloud-link tag-link-53 tag-link-position-45\" style=\"font-size: 8pt;\" aria-label=\"voie publique (1 \u00e9l\u00e9ment)\">voie publique<\/a><\/p>\n\n\n<p><\/p>\n","protected":false},"excerpt":{"rendered":"<p>Depuis 2015, la m\u00e9tropole de Toulouse d\u00e9ploie une \u00ab Strat\u00e9gie Smart City \u00bb. Sous la tutelle du maire Jean-Luc Moudenc, de nombreux projets sortent de terre. Leurs objectifs s&rsquo;inscrivent dans le d\u00e9veloppement d&rsquo;une m\u00e9tropole ouverte vers le monde moderne. Une alliance se cr\u00e9\u00e9e entre le monde des start-up et celui de l&rsquo;urbanisme (moderne) mais quelles [&hellip;]<\/p>\n","protected":false},"author":31,"featured_media":624,"comment_status":"open","ping_status":"open","sticky":false,"template":"","format":"standard","meta":{"footnotes":""},"categories":[24],"tags":[21,20,22,23,19,11,5],"class_list":{"0":"post-565","1":"post","2":"type-post","3":"status-publish","4":"format-standard","5":"has-post-thumbnail","6":"hentry","7":"category-toulouse-innovation","8":"tag-bertrand-serp","9":"tag-innovation","10":"tag-intelligence-artificielle","11":"tag-numerique","12":"tag-open-metropole","13":"tag-smart-city","14":"tag-toulouse","16":"aesop-entry-content"},"_links":{"self":[{"href":"https:\/\/longsformats.artecom.studio\/communicationpoltoulouse\/wp-json\/wp\/v2\/posts\/565","targetHints":{"allow":["GET"]}}],"collection":[{"href":"https:\/\/longsformats.artecom.studio\/communicationpoltoulouse\/wp-json\/wp\/v2\/posts"}],"about":[{"href":"https:\/\/longsformats.artecom.studio\/communicationpoltoulouse\/wp-json\/wp\/v2\/types\/post"}],"author":[{"embeddable":true,"href":"https:\/\/longsformats.artecom.studio\/communicationpoltoulouse\/wp-json\/wp\/v2\/users\/31"}],"replies":[{"embeddable":true,"href":"https:\/\/longsformats.artecom.studio\/communicationpoltoulouse\/wp-json\/wp\/v2\/comments?post=565"}],"version-history":[{"count":60,"href":"https:\/\/longsformats.artecom.studio\/communicationpoltoulouse\/wp-json\/wp\/v2\/posts\/565\/revisions"}],"predecessor-version":[{"id":789,"href":"https:\/\/longsformats.artecom.studio\/communicationpoltoulouse\/wp-json\/wp\/v2\/posts\/565\/revisions\/789"}],"wp:featuredmedia":[{"embeddable":true,"href":"https:\/\/longsformats.artecom.studio\/communicationpoltoulouse\/wp-json\/wp\/v2\/media\/624"}],"wp:attachment":[{"href":"https:\/\/longsformats.artecom.studio\/communicationpoltoulouse\/wp-json\/wp\/v2\/media?parent=565"}],"wp:term":[{"taxonomy":"category","embeddable":true,"href":"https:\/\/longsformats.artecom.studio\/communicationpoltoulouse\/wp-json\/wp\/v2\/categories?post=565"},{"taxonomy":"post_tag","embeddable":true,"href":"https:\/\/longsformats.artecom.studio\/communicationpoltoulouse\/wp-json\/wp\/v2\/tags?post=565"}],"curies":[{"name":"wp","href":"https:\/\/api.w.org\/{rel}","templated":true}]}}