{"id":297,"date":"2020-03-01T17:24:16","date_gmt":"2020-03-01T16:24:16","guid":{"rendered":"https:\/\/longsformats.artecom.studio\/communicationpoltoulouse\/?p=297"},"modified":"2020-03-27T18:12:37","modified_gmt":"2020-03-27T17:12:37","slug":"retour-sur-larrete-anti-bivouac-a-toulouse-coup-de-communication-politique-ou-mesure-choc","status":"publish","type":"post","link":"https:\/\/longsformats.artecom.studio\/communicationpoltoulouse\/2020\/03\/01\/retour-sur-larrete-anti-bivouac-a-toulouse-coup-de-communication-politique-ou-mesure-choc\/","title":{"rendered":"Retour sur l&rsquo;arr\u00eat\u00e9 anti-bivouac \u00e0 Toulouse : coup de communication politique ou mesure \u00ab\u00a0choc\u00a0\u00bb ?"},"content":{"rendered":"\n<div class=\"wp-block-image\"><figure class=\"aligncenter\"><img loading=\"lazy\" decoding=\"async\" width=\"500\" height=\"262\" src=\"https:\/\/longsformats.artecom.studio\/communicationpoltoulouse\/wp-content\/uploads\/sites\/10\/2020\/02\/moudenc-2.png\" alt=\"\" class=\"wp-image-553\" srcset=\"https:\/\/longsformats.artecom.studio\/communicationpoltoulouse\/wp-content\/uploads\/sites\/10\/2020\/02\/moudenc-2.png 500w, https:\/\/longsformats.artecom.studio\/communicationpoltoulouse\/wp-content\/uploads\/sites\/10\/2020\/02\/moudenc-2-300x157.png 300w, https:\/\/longsformats.artecom.studio\/communicationpoltoulouse\/wp-content\/uploads\/sites\/10\/2020\/02\/moudenc-2-400x210.png 400w\" sizes=\"auto, (max-width: 500px) 100vw, 500px\" \/><\/figure><\/div>\n\n\n\n<p>Le 12 septembre 2019, lors de sa conf\u00e9rence de rentr\u00e9e, le maire de Toulouse (les R\u00e9publicains) Jean-Luc Moudenc, a affirm\u00e9 sa volont\u00e9 de mettre en place un arr\u00eat\u00e9 anti-bivouac concernant le centre de la ville. Ce sont les <a href=\"https:\/\/france3-regions.francetvinfo.fr\/occitanie\/haute-garonne\/toulouse\/maire-toulouse-jean-luc-moudenc-va-signer-arrete-anti-bivouac-1721537.html\">26<\/a>  tentes install\u00e9es en son sein qui sont vis\u00e9es par cette mesure.\u00a0\u00a0<\/p>\n\n\n\n<p class=\"has-medium-font-size\"><strong>Annonce de l&rsquo;arr\u00eat\u00e9 anti-bivouac<\/strong><\/p>\n\n\n\n<figure class=\"wp-block-embed-youtube aligncenter wp-block-embed is-type-video is-provider-youtube wp-embed-aspect-16-9 wp-has-aspect-ratio\"><div class=\"wp-block-embed__wrapper\">\n<iframe loading=\"lazy\" title=\"Le maire de Toulouse Jean-Luc Moudenc va signer un arr\u00eat\u00e9 anti-bivouac\" width=\"800\" height=\"450\" src=\"https:\/\/www.youtube.com\/embed\/FDCTQo5cBec?feature=oembed\" frameborder=\"0\" allow=\"accelerometer; autoplay; encrypted-media; gyroscope; picture-in-picture\" allowfullscreen><\/iframe>\n<\/div><figcaption>Vid\u00e9o France 3 r\u00e9gions &#8211; Reportage r\u00e9alis\u00e9 par Karen Cassuto et Eric Foissac<br><\/figcaption><\/figure>\n\n\n\n<p>L&rsquo;\u00e9lu commence sa conf\u00e9rence, en se f\u00e9licitant des r\u00e9ussites toulousaines, mais souligne des probl\u00e8mes de s\u00e9curit\u00e9 dans la ville, qui \u00ab (&#8230;) ne sont pas propres \u00e0 Toulouse (&#8230;) Et donc effectivement je pense que l&rsquo;Etat doit sur cette question de la s\u00e9curit\u00e9,  la grosse d\u00e9linquance, la s\u00e9curit\u00e9 r\u00e9galienne, il doit revoir ses m\u00e9thodes, il doit revoir la r\u00e9partition de ses moyens \u00bb.<\/p>\n\n\n\n<figure class=\"wp-block-embed-twitter aligncenter wp-block-embed is-type-rich is-provider-twitter\"><div class=\"wp-block-embed__wrapper\">\n<blockquote class=\"twitter-tweet\" data-width=\"550\" data-dnt=\"true\"><p lang=\"fr\" dir=\"ltr\">Si je suis fier des r\u00e9ussites toulousaines et de nos belles r\u00e9alisations pour am\u00e9liorer le quotidien des Toulousains, pour autant je suis lucide et je vois bien qu&#39;il y a des probl\u00e8mes. Sur la question de la <a href=\"https:\/\/twitter.com\/hashtag\/s%C3%A9curit%C3%A9?src=hash&amp;ref_src=twsrc%5Etfw\">#s\u00e9curit\u00e9<\/a>, je pense que l&#39;\u00c9tat doit revoir la r\u00e9partition de ses moyens <a href=\"https:\/\/t.co\/uJCvCu88Nq\">pic.twitter.com\/uJCvCu88Nq<\/a><\/p>&mdash; Jean-Luc Moudenc &#8211; Page institutionnelle (@jlmoudencmaire) <a href=\"https:\/\/twitter.com\/jlmoudencmaire\/status\/1172088382824099840?ref_src=twsrc%5Etfw\">September 12, 2019<\/a><\/blockquote><script async src=\"https:\/\/platform.twitter.com\/widgets.js\" charset=\"utf-8\"><\/script>\n<\/div><\/figure>\n\n\n\n<p>Il poursuit en affirmant sa volont\u00e9 d\u2019exercer une <strong>pression<\/strong> sur l\u2019Etat, pour que la police municipale puisse verbaliser les individus, joindre la police nationale, pour effectuer des contr\u00f4les d\u2019identit\u00e9, et pouvoir constater officiellement la situation des personnes : qu\u2019elle soit ill\u00e9gale ; ou en situation d\u2019ayant droit \u00e0 un h\u00e9bergement digne.&nbsp;<\/p>\n\n\n\n<p>Le maire de Toulouse tenterait-il un coup de ma\u00eetre afin de s&rsquo;assurer que l&rsquo;on parle de lui, \u00e0 l&rsquo;approche des municipales 2020 ? Le fait de se positionner comme un moyen de pression pour mettre l&rsquo;Etat face \u00e0 \u00ab ses responsabilit\u00e9s \u00bb ne serait pas le signe d&rsquo;une \u00e9ventuelle candidature \u00e0 sa propre r\u00e9\u00e9lection ? En s&rsquo;attaquant \u00e0 l&rsquo;Etat, Jean-Luc Moudenc, ne tenterait-il pas d&rsquo;instaurer une diversion quant aux responsabilit\u00e9s de chacun, concernant les politiques li\u00e9es au logement ? <\/p>\n\n\n\n<p>Pourtant, il est admis que le droit de r\u00e9quisition est un des leviers utilisables par la puissance publique, et notamment par le maire,  pour assurer <a href=\"https:\/\/www.village-justice.com\/articles\/requisition-logements-vacants-Une,20274.html\">l\u2019acc\u00e8s<\/a> des plus d\u00e9munis \u00e0 un logement.  Rappelons que la r\u00e9quisition \u00e0 proprement dite, est l\u2019acte par lequel l\u2019autorit\u00e9 administrative s&rsquo;impose, dans un but d\u2019int\u00e9r\u00eat g\u00e9n\u00e9ral \u00e0 une personne priv\u00e9e, s&rsquo;agissant simplement d&rsquo;un usage temporaire .<\/p>\n\n\n\n<figure class=\"wp-block-embed-twitter aligncenter wp-block-embed is-type-rich is-provider-twitter\"><div class=\"wp-block-embed__wrapper\">\n<blockquote class=\"twitter-tweet\" data-width=\"550\" data-dnt=\"true\"><p lang=\"fr\" dir=\"ltr\">Seul l&#39;\u00c9tat a le pouvoir d&#39;\u00e9vacuation des tentes illicites. Aussi, j&#39;ai d\u00e9cid\u00e9 de prendre un arr\u00eat\u00e9 anti-bivouac sur le centre-ville de <a href=\"https:\/\/twitter.com\/hashtag\/Toulouse?src=hash&amp;ref_src=twsrc%5Etfw\">#Toulouse<\/a>, pour que la police municipale puisse d\u00e9clencher l&#39;arriv\u00e9e de la police nationale afin de contr\u00f4ler l&#39;identit\u00e9 de ces personnes <a href=\"https:\/\/t.co\/TnnFdrSjeh\">pic.twitter.com\/TnnFdrSjeh<\/a><\/p>&mdash; Jean-Luc Moudenc &#8211; Page institutionnelle (@jlmoudencmaire) <a href=\"https:\/\/twitter.com\/jlmoudencmaire\/status\/1172094557011566592?ref_src=twsrc%5Etfw\">September 12, 2019<\/a><\/blockquote><script async src=\"https:\/\/platform.twitter.com\/widgets.js\" charset=\"utf-8\"><\/script>\n<\/div><\/figure>\n\n\n\n<p> Dans ses d\u00e9clarations, le maire semble viser certaines associations : \u00ab Il y a une r\u00e9partition des t\u00e2ches sinistre entre les r\u00e9seaux et des associations politis\u00e9es. Je d\u00e9nonce cette situation contraire au droit et \u00e0 la dignit\u00e9 des personnes \u00bb,  tout en rappelant que dans ce domaine \u00ab c\u2019est le pr\u00e9fet qui a le pouvoir d\u2019ordonner l\u2019\u00e9vacuation et d\u2019organiser l\u2019h\u00e9bergement \u00bb. Selon lui, la concentration des tentes en centre-ville \u00ab donne(rait) aux Toulousains le sentiment d\u2019une sorte d\u2019invasion \u00bb, qui serait la cause d\u2019une accumulation de plaintes remont\u00e9es au Capitole.<\/p>\n\n\n\n<p>Pourtant, nous pouvons nous demander si c&rsquo;est r\u00e9ellement la visibilit\u00e9 de ces habitations de fortune qui g\u00eane l&rsquo;opinion publique, n&rsquo;\u00e9taient-ce pas les conditions de vie indignes expos\u00e9es sur la voie publique, qui seraient plus montr\u00e9es du doigt ?<\/p>\n\n\n\n<figure class=\"wp-block-embed-twitter aligncenter wp-block-embed is-type-rich is-provider-twitter\"><div class=\"wp-block-embed__wrapper\">\n<blockquote class=\"twitter-tweet\" data-width=\"550\" data-dnt=\"true\"><p lang=\"fr\" dir=\"ltr\">L\u2019arr\u00eat\u00e9 anti-bivouac que j\u2019ai pris aujourd\u2019hui constitue 1 levier juridique suppl\u00e9mentaire qui nous permettra, je l\u2019esp\u00e8re, de rendre plus fr\u00e9quente &#8211; donc plus efficace &#8211; l\u2019intervention de la Police Nationale afin de faire reculer le ph\u00e9nom\u00e8ne de campements ill\u00e9gaux \u00e0 <a href=\"https:\/\/twitter.com\/hashtag\/Toulouse?src=hash&amp;ref_src=twsrc%5Etfw\">#Toulouse<\/a> <a href=\"https:\/\/t.co\/m4a7cYqXi8\">pic.twitter.com\/m4a7cYqXi8<\/a><\/p>&mdash; Jean-Luc Moudenc &#8211; Page institutionnelle (@jlmoudencmaire) <a href=\"https:\/\/twitter.com\/jlmoudencmaire\/status\/1172196871173017600?ref_src=twsrc%5Etfw\">September 12, 2019<\/a><\/blockquote><script async src=\"https:\/\/platform.twitter.com\/widgets.js\" charset=\"utf-8\"><\/script>\n<\/div><\/figure>\n\n\n\n<p>Les emplacements de ses h\u00e9bergements de fortune ne seraient \u00e9galement pas neutres selon lui, \u00ab&nbsp;(\u2026)&nbsp;comme par hasard, celles-ci se concentrent aux endroits les plus visibles&nbsp;\u00bb, dans un but pr\u00e9cis qui serait \u00ab&nbsp;d\u2019affoler les Toulousain.e.s&nbsp;\u00bb. \u00ab Il y en a 26 (tentes) \u00e0 l&rsquo;heure ou je parle, mais elles sont en <strong>visibilit\u00e9<\/strong> sur les boulevards. Ce sont des albanai.se.s qui ne sont pas en situation r\u00e9guli\u00e8re (&#8230;) \u00bb. <\/p>\n\n\n\n<div class=\"wp-block-image\"><figure class=\"aligncenter is-resized\"><img loading=\"lazy\" decoding=\"async\" src=\"https:\/\/longsformats.artecom.studio\/communicationpoltoulouse\/wp-content\/uploads\/sites\/10\/2020\/02\/phototente-854x510-1.jpg\" alt=\"\" class=\"wp-image-343\" width=\"551\" height=\"329\" srcset=\"https:\/\/longsformats.artecom.studio\/communicationpoltoulouse\/wp-content\/uploads\/sites\/10\/2020\/02\/phototente-854x510-1.jpg 854w, https:\/\/longsformats.artecom.studio\/communicationpoltoulouse\/wp-content\/uploads\/sites\/10\/2020\/02\/phototente-854x510-1-300x179.jpg 300w, https:\/\/longsformats.artecom.studio\/communicationpoltoulouse\/wp-content\/uploads\/sites\/10\/2020\/02\/phototente-854x510-1-768x459.jpg 768w, https:\/\/longsformats.artecom.studio\/communicationpoltoulouse\/wp-content\/uploads\/sites\/10\/2020\/02\/phototente-854x510-1-400x239.jpg 400w\" sizes=\"auto, (max-width: 551px) 100vw, 551px\" \/><figcaption>\u00a9Actu Toulouse \/ G. K. <\/figcaption><\/figure><\/div>\n\n\n\n<p>Nous pouvons nous demander si les d\u00e9clarations du maire quant aux origines de ces sans-domiciles, se basent sur de quelconques donn\u00e9es de terrain, chose que nous n&rsquo;avons pu v\u00e9rifier \u00e0 ce jour. Il en va de m\u00eame concernant les t\u00e2ches sinistres qui reviendraient aux associations non-nomm\u00e9es d\u00e9sign\u00e9es plus haut. Des propos troubles, laissant entrevoir des liens inqui\u00e9tants entre pr\u00e9carit\u00e9 sociale, d\u00e9linquance, ins\u00e9curit\u00e9 et menaces. Jean-Luc Moudenc n&rsquo;aborde dans ces propos qu&rsquo;une seule fois les occupants de ses tentes (en les qualifiant \u00ab <em><strong>d&rsquo;albanais<\/strong><\/em><strong>.es<\/strong> \u00bb), mais ne cesse de s&rsquo;attacher \u00e0 mettre en lumi\u00e8re leur visibilit\u00e9 dans l&rsquo;espace public, tout comme le c\u00f4t\u00e9 peu s\u00e9curisant que cela peut produire chez les habitants des environs. De tels propos ont \u00e9videmment provoqu\u00e9 de vives r\u00e9actions et ce, dans de nombreux camps.<\/p>\n\n\n\n<div class=\"wp-block-cover aligncenter has-background-dim\" style=\"background-image:url(https:\/\/longsformats.artecom.studio\/communicationpoltoulouse\/wp-content\/uploads\/sites\/10\/2020\/02\/Capture-d\u2019\u00e9cran-2020-02-26-\u00e0-12.58.27.png)\"><div class=\"wp-block-cover__inner-container is-layout-flow wp-block-cover-is-layout-flow\">\n<p style=\"text-align:center\" class=\"has-medium-font-size\"><strong>UNE MESURE QUI INTERPELLE<\/strong><\/p>\n<\/div><\/div>\n\n\n\n<p>Le pr\u00e9fet n\u2019aurait quant \u00e0 lui en sa possession, pas assez de moyens pour faire respecter la loi, c&rsquo;est en cela que le maire de Toulouse se d\u00e9clare en \u00eatre un des soutiens.<\/p>\n\n\n\n<p>\u00ab Il y a une impuissance publique \u00e0 faire respecter la loi. Cela d\u00e9sesp\u00e8re les citoyens et les rend sensibles aux discours nationalistes que nous ne voulons pas. C&rsquo;est pour cela qu&rsquo;il faut \u00eatre ferme sur la l\u00e9galit\u00e9 r\u00e9publicaine. La fraternit\u00e9 oui, mais le respect de la loi r\u00e9publicaine, \u00e7a va avec. \u00bb<\/p>\n\n\n\n<p>Enlever les tentes certes, mais quel destin pour les familles qui y vivent ? <\/p>\n\n\n\n<p class=\"has-medium-font-size\"><strong>La pr\u00e9fecture renvoie la balle \u00e0 la mairie<\/strong><\/p>\n\n\n\n<p>Toutefois, au lendemain de ses d\u00e9clarations, la Pr\u00e9fecture de Haute-Garonne <a href=\"https:\/\/france3-regions.francetvinfo.fr\/occitanie\/haute-garonne\/toulouse\/pleinement-mobilise-etat-repond-aux-accusations-du-maire-toulouse-concernant-campements-illegaux-1722379.html\">d\u00e9clare<\/a>, dans un communiqu\u00e9 de presse, mener au nom de l&rsquo;Etat, \u00ab une action r\u00e9solue sur les tentes et campements illicites \u00bb, tout en \u00e9tant \u00ab pleinement engag\u00e9e dans le maintien de l&rsquo;\u00e9quilibre entre le n\u00e9cessaire respect de l&rsquo;ordre public, de la dignit\u00e9 humaine et des valeurs r\u00e9publicaines \u00bb.<\/p>\n\n\n\n<div class=\"wp-block-image\"><figure class=\"aligncenter\"><img loading=\"lazy\" decoding=\"async\" width=\"916\" height=\"221\" src=\"https:\/\/longsformats.artecom.studio\/communicationpoltoulouse\/wp-content\/uploads\/sites\/10\/2020\/02\/Capture-d\u2019\u00e9cran-2020-02-28-\u00e0-23.09.12.png\" alt=\"\" class=\"wp-image-537\" srcset=\"https:\/\/longsformats.artecom.studio\/communicationpoltoulouse\/wp-content\/uploads\/sites\/10\/2020\/02\/Capture-d\u2019\u00e9cran-2020-02-28-\u00e0-23.09.12.png 916w, https:\/\/longsformats.artecom.studio\/communicationpoltoulouse\/wp-content\/uploads\/sites\/10\/2020\/02\/Capture-d\u2019\u00e9cran-2020-02-28-\u00e0-23.09.12-300x72.png 300w, https:\/\/longsformats.artecom.studio\/communicationpoltoulouse\/wp-content\/uploads\/sites\/10\/2020\/02\/Capture-d\u2019\u00e9cran-2020-02-28-\u00e0-23.09.12-768x185.png 768w, https:\/\/longsformats.artecom.studio\/communicationpoltoulouse\/wp-content\/uploads\/sites\/10\/2020\/02\/Capture-d\u2019\u00e9cran-2020-02-28-\u00e0-23.09.12-400x97.png 400w\" sizes=\"auto, (max-width: 916px) 100vw, 916px\" \/><\/figure><\/div>\n\n\n\n<p>Des d\u00e9clarations, nous l&rsquo;aurons compris, qui vont \u00e0 l&rsquo;encontre de ce que le maire de la ville affirmait plus haut.<\/p>\n\n\n\n<p>Afin d&rsquo;appuyer ses propos, la pr\u00e9fecture ajoute <em>\u00ab<\/em> \u00c0 ce jour et pour l&rsquo;ann\u00e9e en cours, il a \u00e9t\u00e9 accord\u00e9 <strong>48<\/strong> octrois de la force publique par le pr\u00e9fet pour proc\u00e9der \u00e0 l&rsquo;\u00e9vacuation des personnes install\u00e9es ill\u00e9galement, sur la base des <strong>d\u00e9cisions<\/strong> de justice. Toutes les demandes de la mairie de Toulouse pour \u00e9vacuer les tentes install\u00e9es ill\u00e9galement sur l&rsquo;espace public ont \u00e9t\u00e9 trait\u00e9es dans les d\u00e9lais les plus brefs. De nombreux campements ont \u00e9t\u00e9 \u00e9vacu\u00e9s avec une \u00e9valuation et une prise en compte, en lien avec la mairie, des situations de chaque personne \u00bb.<\/p>\n\n\n\n<p class=\"has-medium-font-size\"><strong>R\u00e9partition des secteurs concern\u00e9s dans le centre ville de Toulouse par l&rsquo;arr\u00eat\u00e9 anti-bivouac<\/strong><\/p>\n\n\n\n<figure><iframe loading=\"lazy\" src=\"https:\/\/www.google.com\/maps\/d\/embed?mid=15HvXUeZHJY6sbvBtGuoJ9rx_0hCWl86_\" width=\"640\" height=\"480\"><\/iframe><\/figure>\n\n\n\n<p>Les zones vis\u00e9es par l&rsquo;arr\u00eat\u00e9 anti-bivouac \u00e0 Toulouse :<br>&#8211; <a href=\"https:\/\/actu.fr\/occitanie\/toulouse_31555\/toulouse-jean-luc-moudenc-prend-arrete-anti-bivouac-comment-va-t-etre-applique_27264169.html?utm_medium=Social&amp;utm_source=Twitter#Echobox=1568716349\">Place du Capitole<\/a>, Square de Gaulle, Rue d\u2019Alsace Lorraine et rues adjacentes<br>&#8211; All\u00e9e Jean Jaur\u00e8s, Rue Gabriel P\u00e9ri, Place Wilson, All\u00e9e Roosevelt, Esplanade Fran\u00e7ois Mitterrand et rues adjacentes&nbsp;<br>-Place Saint Sernin, Place Anatole France, Place Arnaud Bernard, Place Saint Aubin<br>-Place Dupuy, Place Esquirol, Place de la Trinit\u00e9, Place des Carmes, rue de Metz et rues adjacentes<br>&#8211; Place Saint Pierre, Place de la Daurade, Quais Saint Pierre, Quais Lucien Lombards, Quai de la Daurade<br>&#8211; Place de la L\u00e9gion d\u2019Honneur, Place Saint Etienne, Place du Parlement, Place du Salin, Place Lafourcade rue du Languedoc et rues adjacentes<br>&#8211; Place Int\u00e9rieure Saint Cyprien, Place Jean Diebold, Place Roguet, Place Olivier, Place du Ravelin, Avenue Etienne Billiere, Place de la Patte d\u2019Oie<br>Cours Dillon, Place Laganne, Pont Neuf \u2013<br>&#8211; All\u00e9e Charles de Fittes, Boulevards Lascrosses, Arcole, Strasbourg, Carnot, All\u00e9es Jules Guesde et Fran\u00e7ois Verdi\u00e9<br>&#8211; Boulevards Bonrepos, Pierre Semard, Marengo et rue Ren\u00e9 Leduc.<br>Une interdiction valable de 7h \u00e0 22h. <\/p>\n\n\n\n<p class=\"has-medium-font-size\"><strong>Un arr\u00eat\u00e9 similaire \u00e0 Nice <\/strong><\/p>\n\n\n\n<p><a href=\"https:\/\/www.lepoint.fr\/societe\/nice-christian-estrosi-decrete-un-arrete-anti-bivouac-09-10-2013-1741111_23.php\">Christian Estrosi<\/a>, le maire de Nice (Alpes-Maritimes), avait d\u00e9j\u00e0 tent\u00e9 d&rsquo;instaurer un arr\u00eat\u00e9 similaire. Il s&rsquo;agissait d&rsquo;interdire toute occupation abusive et prolong\u00e9e des domaines priv\u00e9s et public de la ville et ce, dans plusieurs secteurs. A l&rsquo;origine du recours en justice : ce sont La Ligue des Droits de L&rsquo;Homme et L&rsquo;association pour la d\u00e9mocratie \u00e0 Nice et dans les Alpes-Maritimes, qui avaient obtenu conjointement l&rsquo;annulation de la mesure. <\/p>\n\n\n\n<p>Ainsi, que le tribunal administratif de Nice n&rsquo;avait pas estim\u00e9 que l&rsquo;arr\u00eat\u00e9 constituait une mesure n\u00e9cessaire et proportionn\u00e9e, \u00e0 la sauvegarde de l&rsquo;ordre public ni de la tranquillit\u00e9 et de la sant\u00e9 publique. La ville de <a href=\"https:\/\/www.millebabords.org\/spip.php?article24800\">Nice<\/a> avait ainsi \u00e9t\u00e9 condamn\u00e9e \u00e0 verser 1 000\u20ac aux deux associations.<\/p>\n\n\n\n<p class=\"has-medium-font-size\"><strong>Une mesure assum\u00e9e<\/strong><\/p>\n\n\n\n<p>Le 4 octobre, quelques semaines apr\u00e8s l&rsquo;annonce de sa mesure anti-bivouac, Jean-Luc Moudenc l&rsquo;officialise sur son compte institutionnel. Une mesure qui permettrait de renforcer la coop\u00e9ration entre les forces de polices municipales et nationales. <\/p>\n\n\n\n<figure class=\"wp-block-embed-twitter aligncenter wp-block-embed is-type-rich is-provider-twitter\"><div class=\"wp-block-embed__wrapper\">\n<blockquote class=\"twitter-tweet\" data-width=\"550\" data-dnt=\"true\"><p lang=\"fr\" dir=\"ltr\">Nous avons sign\u00e9 avec le <a href=\"https:\/\/twitter.com\/PrefetOccitanie?ref_src=twsrc%5Etfw\">@PrefetOccitanie<\/a>, le Procureur de la R\u00e9publique et <a href=\"https:\/\/twitter.com\/PoliceNat31?ref_src=twsrc%5Etfw\">@PoliceNat31<\/a> une nouvelle convention pour renforcer la coop\u00e9ration entre les forces de police. Elle permet de r\u00e9affirmer le r\u00f4le de chacun et d&#39;\u00e9largir le p\u00e9rim\u00e8tre d\u2019intervention de la Police municipale <a href=\"https:\/\/t.co\/D70RxJHIHE\">pic.twitter.com\/D70RxJHIHE<\/a><\/p>&mdash; Jean-Luc Moudenc &#8211; Page institutionnelle (@jlmoudencmaire) <a href=\"https:\/\/twitter.com\/jlmoudencmaire\/status\/1180094796343459842?ref_src=twsrc%5Etfw\">October 4, 2019<\/a><\/blockquote><script async src=\"https:\/\/platform.twitter.com\/widgets.js\" charset=\"utf-8\"><\/script>\n<\/div><\/figure>\n\n\n\n<p class=\"has-medium-font-size\"><strong>2019 : un rapport sur le sans-abrisme local<\/strong><\/p>\n\n\n\n<p>C&rsquo;est le mercredi 10 avril 2019 dernier, que la mairie de Toulouse rend publique une enqu\u00eate portant sur le nombre de personnes sans domicile fixe dans la ville. La municipalit\u00e9, incarn\u00e9e par la voix de Daniel Roug\u00e9, adjoint au maire de Toulouse en charge des politiques de solidarit\u00e9 et des affaires sociales, l\u00e8ve le tabou et le r\u00e9sultat est accablant. Ce sont 4 163 personnes, qui dorment dehors dans la ville rose. <\/p>\n\n\n\n<p>Une enqu\u00eate r\u00e9alis\u00e9e dans le cadre du <em>\u00ab<\/em> Plan <a href=\"https:\/\/www.cohesion-territoires.gouv.fr\/logement-dabord-le-plan-quinquennal-pour-le-logement-dabord-et-la-lutte-contre-le-sans-abrisme\">quinquennal<\/a> pour le logement d&rsquo;abord<em> \u00bb<\/em>, lanc\u00e9e par le pr\u00e9sident de la R\u00e9publique <a href=\"https:\/\/actu.fr\/occitanie\/toulouse_31555\/emmanuel-macron-visite-sur-theme-logement-plein-centre-ville-toulouse_11814307.html?utm_source=actu.fr&amp;utm_medium=alireaussi\">Emmanuel<\/a> Macron, lors de sa venue \u00e0 Toulouse en septembre 2017 (mis en application en 2018). Men\u00e9e en partenariat avec le Conseil D\u00e9partemental de la Haute-Garonne et de nombreuses associations, elle a mobilis\u00e9 plus de 155 b\u00e9n\u00e9voles (environ 75 de la mairie, et 80 associatifs), dans la nuit du vendredi 15 f\u00e9vrier 2019 entre 21h et 00h.<\/p>\n\n\n\n<div class=\"wp-block-image\"><figure class=\"aligncenter is-resized\"><img loading=\"lazy\" decoding=\"async\" src=\"https:\/\/longsformats.artecom.studio\/communicationpoltoulouse\/wp-content\/uploads\/sites\/10\/2020\/02\/Unknown.jpg\" alt=\"\" class=\"wp-image-455\" width=\"382\" height=\"191\" srcset=\"https:\/\/longsformats.artecom.studio\/communicationpoltoulouse\/wp-content\/uploads\/sites\/10\/2020\/02\/Unknown.jpg 318w, https:\/\/longsformats.artecom.studio\/communicationpoltoulouse\/wp-content\/uploads\/sites\/10\/2020\/02\/Unknown-300x150.jpg 300w\" sizes=\"auto, (max-width: 382px) 100vw, 382px\" \/><\/figure><\/div>\n\n\n\n<p>Le service int\u00e9gr\u00e9 d&rsquo;accueil et d&rsquo;orientation de la mairie a d\u00e9clar\u00e9 ce soir-l\u00e0 1760 personnes en h\u00e9bergement d&rsquo;urgence, 1505 personnes r\u00e9sidant \u00e0 l&rsquo;h\u00f4tel (nuit\u00e9es r\u00e9gl\u00e9es par la pr\u00e9fecture), et 117 personnes dormant dans des gymnases de la ville mis \u00e0 disposition. <\/p>\n\n\n\n<p style=\"text-align:left\">\u00ab Je pensais sinc\u00e8rement que le nombre de sans-abri \u00e9tait plus important. La part des jeunes est plus faible que ce que l\u2019on pensait et 52% des personnes ont des ressources financi\u00e8res. C\u2019est plut\u00f4t une bonne nouvelle pour le programme de \u00ab&nbsp;Logement d\u2019abord&nbsp;\u00bb \u00bb. (Daniel Roug\u00e9)<\/p>\n\n\n\n<p>A titre de comparaison, lors du d\u00e9compte de la deuxi\u00e8me \u00e9dition des Nuits de la solidarit\u00e9 en f\u00e9vrier 2018, ont \u00e9t\u00e9 recens\u00e9s \u00e0 Paris <a href=\"https:\/\/www.lemonde.fr\/societe\/article\/2019\/04\/18\/a-toulouse-5-000-personnes-sont-sans-domicile-fixe_5452002_3224.html\">3 641<\/a> personnes dormant dans la rue.<\/p>\n\n\n\n<p>Jean-Luc Moudenc avait soulign\u00e9 l&rsquo;importance d&rsquo;une telle \u00e9valuation, qui permettrait selon lui de \u00ab regarder le sujet de face et de faire des propositions \u00bb. Ce dispositif aurait \u00e9galement mis en valeur la pr\u00e9sence de familles enti\u00e8res ainsi qu&rsquo;une f\u00e9minisation importante, avec environ 35% de femmes seules, et une \u00ab augmentation fulgurante d&rsquo;\u00e9trangers de pays d&rsquo;origine tr\u00e8s vari\u00e9es \u00bb.  Pourrait-on y voir le signe des pr\u00e9mices de l&rsquo;arr\u00eat\u00e9 anti-bivouac ?<\/p>\n\n\n\n<p>Rappelons que selon l&rsquo;institut national de la statistique et des \u00e9tudes \u00e9conomiques (INSEE) \u00ab une <a href=\"https:\/\/www.insee.fr\/fr\/metadonnees\/definition\/c1256\">personne<\/a> est qualifi\u00e9e de \u00ab sans-domicile\u00a0\u00bb un jour donn\u00e9 si la nuit pr\u00e9c\u00e9dente elle a eu recours \u00e0 un service d&rsquo;h\u00e9bergement ou si elle a dormi dans un lieu non pr\u00e9vu pour l&rsquo;habitation (rue, abri de fortune, gymnase). \u00bb<\/p>\n\n\n\n<p>Une \u00e9tude qui, par ailleurs, a confirm\u00e9 la saturation du service  local d&rsquo;urgence du 115, recevant jusqu&rsquo;\u00e0 300 appels par jour. 78% des adultes interrog\u00e9s (341 personnes) n&rsquo;appellent jamais le 115, soulignant l&rsquo;absence de r\u00e9ponse, ou encore ne ressentant pas l&rsquo;envie de joindre un service d&rsquo;urgence. L&rsquo;objectif \u00e9tait de renouveler l&rsquo;initiative chaque ann\u00e9e, pour rendre p\u00e9renne le dispositif, et approfondir la question des squats.<\/p>\n\n\n\n<p>Le <strong>115<\/strong> est le num\u00e9ro permettant aux personnes sans-domicile fixe de demander un h\u00e9bergement d&rsquo;urgence. Jusqu&rsquo;au 4 juillet 2019, toutes les personnes \u00e9taient accept\u00e9es, et ce quelle que soit leur situation administrative (et sous r\u00e9serve qu&rsquo;il y ait des places disponibles, ce qui n&rsquo;est pas une \u00e9vidence). Toutefois, depuis ce jour, les associations g\u00e9rant les centres d&rsquo;h\u00e9bergement ont \u00e9t\u00e9 invit\u00e9es par l&rsquo;Etat \u00e0 fournir des <strong>renseignements<\/strong> concernant les demandeurs d&rsquo;asile qu&rsquo;elles h\u00e9bergent. <\/p>\n\n\n\n<p class=\"has-medium-font-size\"><strong><a href=\"https:\/\/www.toulouse.fr\/documents\/106827\/11126016\/GuideUrgenceSociale2019\/42570459-4d9d-4d7b-978c-877fc02d4c40\">Guide<\/a> de l&rsquo;urgence sociale de Toulouse<\/strong><\/p>\n\n\n\n<div class=\"wp-block-image\"><figure class=\"aligncenter\"><img decoding=\"async\" src=\"https:\/\/www.toulouse.fr\/documents\/106827\/11126016\/GuideUrgenceSociale2019\/42570459-4d9d-4d7b-978c-877fc02d4c40\" alt=\"\"\/><\/figure><\/div>\n\n\n\n<p class=\"has-medium-font-size\"><strong>Les municipales<\/strong><\/p>\n\n\n\n<p>Deux semaines apr\u00e8s l&rsquo;annonce de cet arr\u00eat\u00e9, Jean-Luc Moudenc annonce officiellement sa candidature aux prochaines municipales de Toulouse. Et c&rsquo;est dans une lettre distribu\u00e9e aux Toulousains que nous l&rsquo;avions d\u00e9couvert. <\/p>\n\n\n\n<div class=\"wp-block-image\"><figure class=\"aligncenter is-resized\"><img loading=\"lazy\" decoding=\"async\" src=\"https:\/\/longsformats.artecom.studio\/communicationpoltoulouse\/wp-content\/uploads\/sites\/10\/2020\/02\/860_lettre_aux_toulousaines_et_toulousains_recto-768x1024.jpg\" alt=\"\" class=\"wp-image-367\" width=\"338\" height=\"450\" srcset=\"https:\/\/longsformats.artecom.studio\/communicationpoltoulouse\/wp-content\/uploads\/sites\/10\/2020\/02\/860_lettre_aux_toulousaines_et_toulousains_recto-768x1024.jpg 768w, https:\/\/longsformats.artecom.studio\/communicationpoltoulouse\/wp-content\/uploads\/sites\/10\/2020\/02\/860_lettre_aux_toulousaines_et_toulousains_recto-225x300.jpg 225w, https:\/\/longsformats.artecom.studio\/communicationpoltoulouse\/wp-content\/uploads\/sites\/10\/2020\/02\/860_lettre_aux_toulousaines_et_toulousains_recto-400x533.jpg 400w, https:\/\/longsformats.artecom.studio\/communicationpoltoulouse\/wp-content\/uploads\/sites\/10\/2020\/02\/860_lettre_aux_toulousaines_et_toulousains_recto.jpg 860w\" sizes=\"auto, (max-width: 338px) 100vw, 338px\" \/><\/figure><\/div>\n\n\n\n<p>Ce sont environ 312 000 exemplaires de ce courrier qui ont \u00e9t\u00e9 envoy\u00e9s aux toulousains. En son sein, c&rsquo;est son action \u00e0 la t\u00eate de la mairie qu&rsquo;il d\u00e9fend, et notamment une gestion <em>\u00ab<\/em> rigoureuse<em> \u00bb<\/em> de la ville, la cr\u00e9ation de nouvelles \u00e9coles ou encore la plantation de milliers d&rsquo;arbres. Il rappelle sa ferme volont\u00e9 de maintenir le projet de la <a href=\"https:\/\/longsformats.artecom.studio\/communicationpoltoulouse\/2020\/02\/13\/toulouse-et-son-metro\/?preview_id=19&amp;preview_nonce=808ac29457&amp;preview=true&amp;_thumbnail_id=227\">3\u00e8me<\/a> ligne de m\u00e9tro, tout en soulignant qu&rsquo;il n&rsquo;enl\u00e8vera pas les cam\u00e9ras de <a href=\"https:\/\/longsformats.artecom.studio\/communicationpoltoulouse\/wp-admin\/post.php?post=280&amp;action=edit\">vid\u00e9o-protection<\/a> d\u00e9j\u00e0 install\u00e9es.<\/p>\n\n\n\n<p>Sont \u00e9galement \u00e9voqu\u00e9es, d\u00e8s les premi\u00e8res lignes de son programme, le souhait de renforcer le \u00ab pouvoir de d\u00e9cision direct \u00bb, tout comme celui de \u00ab r\u00e9duire la distance entre les \u00e9lus et les citoyen.ne.s \u00bb. Parmi toutes ces bonnes volont\u00e9s, il r\u00e9affirme une fois de plus vouloir \u00ab renforcer sa lutte contre <strong>l&rsquo;ins\u00e9curit\u00e9<\/strong> \u00bb, une ambition qui, nous l&rsquo;aurons compris, r\u00e9side parmi les plus importantes de son programme. <\/p>\n\n\n\n<div class=\"wp-block-image\"><figure class=\"aligncenter is-resized\"><img loading=\"lazy\" decoding=\"async\" src=\"https:\/\/longsformats.artecom.studio\/communicationpoltoulouse\/wp-content\/uploads\/sites\/10\/2020\/02\/860_lettre_aux_toulousaines_et_toulousains_verso-768x1024.jpg\" alt=\"\" class=\"wp-image-369\" width=\"340\" height=\"454\" srcset=\"https:\/\/longsformats.artecom.studio\/communicationpoltoulouse\/wp-content\/uploads\/sites\/10\/2020\/02\/860_lettre_aux_toulousaines_et_toulousains_verso-768x1024.jpg 768w, https:\/\/longsformats.artecom.studio\/communicationpoltoulouse\/wp-content\/uploads\/sites\/10\/2020\/02\/860_lettre_aux_toulousaines_et_toulousains_verso-225x300.jpg 225w, https:\/\/longsformats.artecom.studio\/communicationpoltoulouse\/wp-content\/uploads\/sites\/10\/2020\/02\/860_lettre_aux_toulousaines_et_toulousains_verso-400x533.jpg 400w, https:\/\/longsformats.artecom.studio\/communicationpoltoulouse\/wp-content\/uploads\/sites\/10\/2020\/02\/860_lettre_aux_toulousaines_et_toulousains_verso.jpg 860w\" sizes=\"auto, (max-width: 340px) 100vw, 340px\" \/><\/figure><\/div>\n\n\n\n<p>Mais qu&rsquo;est-ce que signifie lutter contre l&rsquo;ins\u00e9curit\u00e9 ? N&rsquo;est-il pas l\u00e0 un argument politique choy\u00e9 lors des campagnes \u00e9lectorales ? Lutter contre l&rsquo;ins\u00e9curit\u00e9 ne signifierait-il pas \u00e9galement lutter contre les conditions de vie indignes ou exclusives ?<\/p>\n\n\n\n<p class=\"has-medium-font-size\"><strong>Une d\u00e9claration qui a mis le feu aux poudres<\/strong><\/p>\n\n\n\n<p>Fran\u00e7ois Brian\u00e7on, chef de file des socialistes \u00e0 la mairie de Toulouse ironise sur son <a href=\"http:\/\/francoisbriancon.fr\/la-mue-ringarde-du-maire-de-toulouse\/\">blog<\/a> \u00ab la mue ringarde \u00bb du maire, qui est \u00ab constant \u00e0 l&rsquo;approche de chaque \u00e9lection municipale \u00bb.<\/p>\n\n\n\n<p>Pour le Mouvement Une de Nadia Pellefigue, la mesure est d&rsquo;autant plus <em>\u00ab<\/em> insupportable<em> \u00bb<\/em> :<\/p>\n\n\n\n<figure class=\"wp-block-embed-twitter aligncenter wp-block-embed is-type-rich is-provider-twitter\"><div class=\"wp-block-embed__wrapper\">\n<blockquote class=\"twitter-tweet\" data-width=\"550\" data-dnt=\"true\"><p lang=\"fr\" dir=\"ltr\"><a href=\"https:\/\/twitter.com\/hashtag\/Hypocrisie?src=hash&amp;ref_src=twsrc%5Etfw\">#Hypocrisie<\/a> <a href=\"https:\/\/twitter.com\/hashtag\/Electoralisme?src=hash&amp;ref_src=twsrc%5Etfw\">#Electoralisme<\/a> <br>Le maire de <a href=\"https:\/\/twitter.com\/hashtag\/Toulouse?src=hash&amp;ref_src=twsrc%5Etfw\">#Toulouse<\/a> veut prendre un arr\u00eat\u00e9 anti-bivouac. <br><br>Cette situation est insupportable! Des familles, des enfants, qui vivent et dorment dans la rue. C\u2019est insupportable.<br><br>Faire dispara\u00eetre les tentes ne fera pas dispara\u00eetre la mis\u00e8re. <a href=\"https:\/\/t.co\/G6E4eylCix\">pic.twitter.com\/G6E4eylCix<\/a><\/p>&mdash; Une Nouvelle Energie pour Toulouse (@UNEtoulouse) <a href=\"https:\/\/twitter.com\/UNEtoulouse\/status\/1172193850019975169?ref_src=twsrc%5Etfw\">September 12, 2019<\/a><\/blockquote><script async src=\"https:\/\/platform.twitter.com\/widgets.js\" charset=\"utf-8\"><\/script>\n<\/div><\/figure>\n\n\n\n<p>Le collectif Archipel Citoyen, r\u00e9unissant militants associatifs, insoumis, \u00e9cologistes, socialistes ou encore non-encart\u00e9s, a r\u00e9agi par le biais d&rsquo;un communiqu\u00e9 de presse d\u00e9non\u00e7ant un \u00ab <a href=\"https:\/\/www.larchipelcitoyen.org\/cp-jean-luc-moudenc-signe-larrete-de-la-honte\/\">arr\u00eat\u00e9 de la honte<\/a> \u00bb.  Organisant \u00ab une v\u00e9ritable chasse aux pauvres, (qui) marquera d&rsquo;une t\u00e2che son mandat, et disqualifie sa candidature aux prochaines \u00e9lections municipales \u00bb. <\/p>\n\n\n\n<p>Le discours du maire est donc vivement remis en question, ne r\u00e9pondant apparemment pas aux v\u00e9ritables inh\u00e9rents de la question du mal-logement \u00e0 Toulouse.<\/p>\n\n\n\n<p>L&rsquo;association de <a href=\"http:\/\/daltoulouse.org\">Droit au Logement de Toulouse<\/a> (DAL31), a \u00e9galement mis en cause Jean-Luc Moudenc, l&rsquo;accusant de vouloir \u00ab cacher la mis\u00e8re \u00bb et de \u00ab condamner la solidarit\u00e9 \u00bb. Son ancien porte-parole, Fran\u00e7ois Piquemal estime \u00e9galement que le maire \u00ab rompt avec une tradition d&rsquo;accueil \u00e0 Toulouse \u00bb. C&rsquo;est en octobre que cette m\u00eame association lancera la <a href=\"https:\/\/www.change.org\/p\/municipalit\u00e9-de-toulouse-suppression-de-l-arr\u00eat\u00e9-anti-bivouac\">p\u00e9tition<\/a> visant \u00e0 faire annuler l&rsquo;arr\u00eat\u00e9 anti-bivouac (1500 signatures \u00e0 ce jour).<\/p>\n\n\n\n<div class=\"wp-block-image\"><figure class=\"aligncenter is-resized\"><img loading=\"lazy\" decoding=\"async\" src=\"https:\/\/longsformats.artecom.studio\/communicationpoltoulouse\/wp-content\/uploads\/sites\/10\/2020\/02\/Capture-d\u2019\u00e9cran-2020-02-26-\u00e0-13.06.43.png\" alt=\"\" class=\"wp-image-532\" width=\"434\" height=\"88\" srcset=\"https:\/\/longsformats.artecom.studio\/communicationpoltoulouse\/wp-content\/uploads\/sites\/10\/2020\/02\/Capture-d\u2019\u00e9cran-2020-02-26-\u00e0-13.06.43.png 337w, https:\/\/longsformats.artecom.studio\/communicationpoltoulouse\/wp-content\/uploads\/sites\/10\/2020\/02\/Capture-d\u2019\u00e9cran-2020-02-26-\u00e0-13.06.43-300x61.png 300w\" sizes=\"auto, (max-width: 434px) 100vw, 434px\" \/><\/figure><\/div>\n\n\n\n<p>Le 18 octobre, l&rsquo;association du Droit au Logement 31 et <a href=\"https:\/\/www.ladepeche.fr\/2019\/10\/18\/200-personnes-manifestent-pour-faire-retirer-larrete-anti-bivouac-pris-par-le-maire-de-toulouse,8489302.php\">22 autres<\/a> se sont retrouv\u00e9es dans une manifestation, avec pour ma\u00eetres mots : \u00ab un toit c&rsquo;est un droit \u00bb, qui a r\u00e9unit pr\u00e8s de 200 personnes.<\/p>\n\n\n\n<p>L&rsquo;\u00e9lu \u00e9cologiste R\u00e9gis Godec souligne \u00ab un vulgaire calcul \u00bb  visant \u00e0 \u00ab criminaliser des familles \u00bb et \u00ab stigmatiser les associations \u00bb :<\/p>\n\n\n\n<div class=\"wp-block-image\"><figure class=\"aligncenter\"><img loading=\"lazy\" decoding=\"async\" width=\"977\" height=\"146\" src=\"https:\/\/longsformats.artecom.studio\/communicationpoltoulouse\/wp-content\/uploads\/sites\/10\/2020\/02\/Capture-d\u2019\u00e9cran-2020-02-26-\u00e0-12.51.21.png\" alt=\"\" class=\"wp-image-344\" srcset=\"https:\/\/longsformats.artecom.studio\/communicationpoltoulouse\/wp-content\/uploads\/sites\/10\/2020\/02\/Capture-d\u2019\u00e9cran-2020-02-26-\u00e0-12.51.21.png 977w, https:\/\/longsformats.artecom.studio\/communicationpoltoulouse\/wp-content\/uploads\/sites\/10\/2020\/02\/Capture-d\u2019\u00e9cran-2020-02-26-\u00e0-12.51.21-300x45.png 300w, https:\/\/longsformats.artecom.studio\/communicationpoltoulouse\/wp-content\/uploads\/sites\/10\/2020\/02\/Capture-d\u2019\u00e9cran-2020-02-26-\u00e0-12.51.21-768x115.png 768w, https:\/\/longsformats.artecom.studio\/communicationpoltoulouse\/wp-content\/uploads\/sites\/10\/2020\/02\/Capture-d\u2019\u00e9cran-2020-02-26-\u00e0-12.51.21-400x60.png 400w\" sizes=\"auto, (max-width: 977px) 100vw, 977px\" \/><\/figure><\/div>\n\n\n\n<p>Claire Dujardin, candidate insoumise, d\u00e9nonce quant \u00e0 elle \u00ab la Moudencratie \u00bb visant \u00e0 \u00ab criminaliser la mis\u00e8re et faire briller sa ville \u00bb :<\/p>\n\n\n\n<div class=\"wp-block-image\"><figure class=\"aligncenter\"><img loading=\"lazy\" decoding=\"async\" width=\"985\" height=\"108\" src=\"https:\/\/longsformats.artecom.studio\/communicationpoltoulouse\/wp-content\/uploads\/sites\/10\/2020\/02\/Capture-d\u2019\u00e9cran-2020-02-26-\u00e0-12.51.46.png\" alt=\"\" class=\"wp-image-346\" srcset=\"https:\/\/longsformats.artecom.studio\/communicationpoltoulouse\/wp-content\/uploads\/sites\/10\/2020\/02\/Capture-d\u2019\u00e9cran-2020-02-26-\u00e0-12.51.46.png 985w, https:\/\/longsformats.artecom.studio\/communicationpoltoulouse\/wp-content\/uploads\/sites\/10\/2020\/02\/Capture-d\u2019\u00e9cran-2020-02-26-\u00e0-12.51.46-300x33.png 300w, https:\/\/longsformats.artecom.studio\/communicationpoltoulouse\/wp-content\/uploads\/sites\/10\/2020\/02\/Capture-d\u2019\u00e9cran-2020-02-26-\u00e0-12.51.46-768x84.png 768w, https:\/\/longsformats.artecom.studio\/communicationpoltoulouse\/wp-content\/uploads\/sites\/10\/2020\/02\/Capture-d\u2019\u00e9cran-2020-02-26-\u00e0-12.51.46-400x44.png 400w\" sizes=\"auto, (max-width: 985px) 100vw, 985px\" \/><\/figure><\/div>\n\n\n\n<p>Pour la <a href=\"http:\/\/ldh-midi-pyrenees.org\/les-sections\/toulouse\/\">Ligue des Droits de l\u2019Homme<\/a>, cet arr\u00eat\u00e9 n\u2019est pas une solution, et la situation va \u00e0 l\u2019encontre du droit conditionnel \u00e0 <a href=\"https:\/\/www.editions-legislatives.fr\/actualite\/daho-et-hebergement-d-urgence-des-dispositifs-complementaires\">l\u2019h\u00e9bergement<\/a>, en atteignant les libert\u00e9s. Une mesure productrice de davantage de pr\u00e9carit\u00e9 et de souffrance pour les mal-log\u00e9.e.s ou sans-logi.e.s, pour des effets qui semblent inexistants. <strong>\u00ab\u00a0La meilleure mani\u00e8re d\u2019agir contre la mis\u00e8re est de la traiter non de la cacher\u00a0\u00bb.<\/strong><\/p>\n\n\n\n<div class=\"wp-block-image\"><figure class=\"aligncenter\"><img loading=\"lazy\" decoding=\"async\" width=\"586\" height=\"138\" src=\"https:\/\/longsformats.artecom.studio\/communicationpoltoulouse\/wp-content\/uploads\/sites\/10\/2020\/02\/Capture-d\u2019\u00e9cran-2020-02-26-\u00e0-12.22.08.png\" alt=\"\" class=\"wp-image-535\" srcset=\"https:\/\/longsformats.artecom.studio\/communicationpoltoulouse\/wp-content\/uploads\/sites\/10\/2020\/02\/Capture-d\u2019\u00e9cran-2020-02-26-\u00e0-12.22.08.png 586w, https:\/\/longsformats.artecom.studio\/communicationpoltoulouse\/wp-content\/uploads\/sites\/10\/2020\/02\/Capture-d\u2019\u00e9cran-2020-02-26-\u00e0-12.22.08-300x71.png 300w, https:\/\/longsformats.artecom.studio\/communicationpoltoulouse\/wp-content\/uploads\/sites\/10\/2020\/02\/Capture-d\u2019\u00e9cran-2020-02-26-\u00e0-12.22.08-400x94.png 400w\" sizes=\"auto, (max-width: 586px) 100vw, 586px\" \/><\/figure><\/div>\n\n\n\n<p>Il nous parait important de rappeler que le maire avait directement mis en cause dans ses propos des \u00ab r\u00e9seaux organis\u00e9s albanais \u00bb, \u00e0 l&rsquo;origine selon lui de la recrudescence des campements illicites sur la voie publique toulousaine. Egalement point\u00e9es du doigts dans ses d\u00e9clarations, certaines \u00ab associations politis\u00e9es \u00bb organisant cette \u00ab exposition sur le domaine publique \u00bb pour \u00ab affoler les Toulousain.e.s\u00bb.<\/p>\n\n\n\n<p class=\"has-medium-font-size\"><strong>Enregistrements de personnes interrog\u00e9s dans les rues de Toulouse<\/strong><\/p>\n\n\n\n<p>Quelques <a href=\"https:\/\/www.francebleu.fr\/player\/export\/reecouter\/extrait?content=502337c2-a899-40a5-9047-dcad51da14d6\">commentaires<\/a> de toulousains, issus d&rsquo;un micro-trottoir <a href=\"https:\/\/www.francebleu.fr\/infos\/politique\/phenomene-des-tentes-a-toulouse-le-maire-prend-un-arrete-anti-bivouac-1568281836\">France Bleu<\/a>, quant \u00e0 la mise en place de cet arr\u00eat\u00e9 anti-bivouac dans la ville.<\/p>\n\n\n\n<p>Il revient essentiellement dans ces t\u00e9moignages, que les toulousains demeurent sceptiques quant \u00e0 l&rsquo;efficacit\u00e9 de cet arr\u00eat\u00e9 anti-bivouac. D\u00e9sesp\u00e9r\u00e9s face \u00e0 la situation, ils avouent remarquer la recrudescence de sans-domiciles fixes, et notamment de familles, ne sachant pas ou ils se retrouvent lorsqu&rsquo;ils ne les aper\u00e7oivent plus. La plupart d&rsquo;entre eux, remarquent des probl\u00e8mes de pauvret\u00e9, soulignant le nombre important de logements inoccup\u00e9s\/vacants, qui pourraient \u00eatre une solution temporaire, \u00e0 ces besoins relevant de l&rsquo;urgence. <\/p>\n\n\n\n<p class=\"has-medium-font-size\"><strong>Plan quinquennal pour le \u00ab\u00a0Logement d&rsquo;abord\u00a0\u00bb<\/strong> <strong>?<\/strong><\/p>\n\n\n\n<p>Le plan quinquennal pour le logement d&rsquo;abord est un dispositif inspir\u00e9&nbsp; des programmes <strong>Housing first<\/strong> (logement d&rsquo;abord), apparus aux Etats-unis dans les ann\u00e9es 1990. Il ent\u00e9rine le principe d&rsquo;acc\u00e8s direct des grands pr\u00e9caires sans-abris au logement stable, plut\u00f4t qu&rsquo;un parcours tumultueux en escalier. Pourtant, \u00e0 c\u00f4t\u00e9 de ce plan, d&rsquo;autres d\u00e9cisions d&rsquo;ordre structurel ont brouill\u00e9 les pistes, comme la baisse des aides pour le logement (APL). Selon Manuel Joumergue, directeur des \u00e9tudes de le Fondation Abb\u00e9-Pierre : \u00ab&nbsp;Les fameux 5 euros qui ont tant fait parler ne repr\u00e9sentent que 10&nbsp;% des coupes r\u00e9elles pr\u00e9vues. Ajout\u00e9es \u00e0 la ponction budg\u00e9taire sur les organismes HLM, ces mesures vont grandement fragiliser la production de logements sociaux&nbsp;\u00bb.<\/p>\n\n\n\n<p class=\"has-medium-font-size\"><strong>Quelques chiffres de la Fondation Abb\u00e9-Pierre<\/strong><\/p>\n\n\n\n<p>La <a href=\"https:\/\/www.fondation-abbe-pierre.fr\/la-fondation-abbe-pierre\">Fondation<\/a> Abb\u00e9-Pierre a \u00e9t\u00e9 fond\u00e9e en 1987 et est reconnue d&rsquo;utilit\u00e9 publique le 11 f\u00e9vrier 1992. Elle a pour vocation d&rsquo;agir pour permettre \u00e0 toutes personnes d\u00e9favoris\u00e9es <strong>d&rsquo;acc\u00e9der<\/strong> \u00e0 un logement d\u00e9cent et \u00e0 une vie digne. Elle participe au d\u00e9bat public en publiant depuis une vingtaine d&rsquo;ann\u00e9es son rapport sur le mal-logement, pr\u00e9sentant conjointement conclusions et propositions sur le sujet. <\/p>\n\n\n\n<div class=\"wp-block-image\"><figure class=\"aligncenter is-resized\"><img loading=\"lazy\" decoding=\"async\" src=\"https:\/\/longsformats.artecom.studio\/communicationpoltoulouse\/wp-content\/uploads\/sites\/10\/2020\/02\/Unknown-1.jpg\" alt=\"\" class=\"wp-image-543\" width=\"339\" height=\"211\"\/><\/figure><\/div>\n\n\n\n<p>Au fil des pages, ce 24\u00e8me rapport nous informe sur le fort taux de pauvret\u00e9 qui caract\u00e9rise la r\u00e9gion <strong>Occitanie<\/strong>. R\u00e9gion issue de la fusion des anciennes Languedoc-Roussillon et Midi-Pyr\u00e9n\u00e9es, elle comporte treize d\u00e9partements et s&rsquo;\u00e9tend sur des territoires fortement contrast\u00e9s. L&rsquo;Occitanie se caract\u00e9rise par une <strong>croissance<\/strong> d\u00e9mographique \u00e9lev\u00e9e et ce depuis une trentaine d&rsquo;ann\u00e9es. Selon les estimations de l&rsquo;INSEE, entre 2016 et 2019, elle aurait connu un taux de croissance annuel de<strong> 0,5%<\/strong>, soit plus du double de la France m\u00e9tropolitaine.<\/p>\n\n\n\n<p>Un dynamisme d\u00e9mographique qui engendre toutefois quelques <strong>d\u00e9s\u00e9quilibres<\/strong>, avec un taux de ch\u00f4mage \u00e9lev\u00e9 : 10,7%, contre 8,9% pour la France m\u00e9tropolitaine ; un manque structurel de logement social et un parc priv\u00e9 trop souvent <strong>inaccessible<\/strong>. La r\u00e9gion est pourtant engag\u00e9e (comme explicit\u00e9 plus haut) sur trois de ces territoires : N\u00eemes, Montpellier et Toulouse ; dans le plan quinquennal pour le \u00ab Logement d&rsquo;abord \u00bb.<\/p>\n\n\n\n<p>Il souligne \u00e9galement qu&rsquo;une forte part de jeunes seraient touch\u00e9s par la pauvret\u00e9, avec un taux de 27,2%, contre 22,8% en France m\u00e9tropolitaine. Les pages soulignent le sous-\u00e9quipement de la r\u00e9gion en mati\u00e8re de <strong>logement<\/strong> <strong>sociaux<\/strong>, malgr\u00e9 une hausse des constructions (environ 10% dans la r\u00e9gion et 16% sur l&rsquo;ensemble de la France m\u00e9tropolitaine).<\/p>\n\n\n\n<p>Fin 2018, ce sont ainsi <strong>147 027<\/strong> m\u00e9nages qui \u00e9taient en attente d&rsquo;un logement social, 60% sont concentr\u00e9s sur deux d\u00e9partement l&rsquo;H\u00e9rault et la Haute-Garonne, selon le rapport.<\/p>\n\n\n\n<p>Voici un tableau issu de ce rapport, permettant de repr\u00e9senter la diversit\u00e9 de ces diff\u00e9rents territoires composant la r\u00e9gion Occitanie. Il propose quelques indicateurs cl\u00e9s qui permettent une meilleure appr\u00e9hension du contexte de chacun.<\/p>\n\n\n\n<div class=\"wp-block-image\"><figure class=\"aligncenter\"><img loading=\"lazy\" decoding=\"async\" width=\"1001\" height=\"263\" src=\"https:\/\/longsformats.artecom.studio\/communicationpoltoulouse\/wp-content\/uploads\/sites\/10\/2020\/02\/Capture-d\u2019\u00e9cran-2020-02-29-\u00e0-01.03.25.png\" alt=\"\" class=\"wp-image-364\" srcset=\"https:\/\/longsformats.artecom.studio\/communicationpoltoulouse\/wp-content\/uploads\/sites\/10\/2020\/02\/Capture-d\u2019\u00e9cran-2020-02-29-\u00e0-01.03.25.png 1001w, https:\/\/longsformats.artecom.studio\/communicationpoltoulouse\/wp-content\/uploads\/sites\/10\/2020\/02\/Capture-d\u2019\u00e9cran-2020-02-29-\u00e0-01.03.25-300x79.png 300w, https:\/\/longsformats.artecom.studio\/communicationpoltoulouse\/wp-content\/uploads\/sites\/10\/2020\/02\/Capture-d\u2019\u00e9cran-2020-02-29-\u00e0-01.03.25-768x202.png 768w, https:\/\/longsformats.artecom.studio\/communicationpoltoulouse\/wp-content\/uploads\/sites\/10\/2020\/02\/Capture-d\u2019\u00e9cran-2020-02-29-\u00e0-01.03.25-400x105.png 400w\" sizes=\"auto, (max-width: 1001px) 100vw, 1001px\" \/><\/figure><\/div>\n\n\n\n<p>Des chiffres impressionnants, alors qu&rsquo;il y aurait \u00e0 Toulouse \u00ab 30 000 logements vides ou vacants \u00bb selon Fran\u00e7ois Piquemal (ancien porte-parole du DAL31, membre d&rsquo;Archipel Citoyen), r\u00e9clamant de fait un <a href=\"https:\/\/www.lemonde.fr\/societe\/article\/2019\/04\/18\/a-toulouse-5-000-personnes-sont-sans-domicile-fixe_5452002_3224.html\">audit<\/a> sur cette situation et des actions de r\u00e9quisitions.<\/p>\n\n\n\n<p>Avec un <a href=\"https:\/\/longsformats.artecom.studio\/communicationpoltoulouse\/2020\/03\/01\/la-communication-de-toulouse-metropole\/?preview_id=565&amp;preview_nonce=dfaf61ccd8&amp;preview=true&amp;_thumbnail_id=624\">d\u00e9veloppement<\/a> urbain si <a href=\"https:\/\/longsformats.artecom.studio\/communicationpoltoulouse\/2020\/02\/26\/tour-occitanie-et-grand-matabiau\/?preview_id=206&amp;preview_nonce=c8cdbc369d&amp;preview=true&amp;_thumbnail_id=262\">ambitieux<\/a> et r\u00e9pondant \u00e0 diff\u00e9rents <a href=\"https:\/\/longsformats.artecom.studio\/communicationpoltoulouse\/2020\/02\/29\/toulouse-ville-intelligente-protection-ou-surveillance-a-lere-du-digital\/?preview_id=280&amp;preview_nonce=2259d237f1&amp;preview=true&amp;_thumbnail_id=433\">enjeux<\/a>, comment ne pas nous demander si les politiques de la <a href=\"https:\/\/longsformats.artecom.studio\/communicationpoltoulouse\/2020\/02\/20\/le-telepherique-toulousain-un-exemple-de-marketing-territorial\/?preview_id=14&amp;preview_nonce=9ac9500cf8&amp;preview=true&amp;_thumbnail_id=32\">ville<\/a> de Toulouse s&rsquo;adresseront toujours \u00e0 tou.te.s. ses citoyen.ne.s. Ces diff\u00e9rents projets <a href=\"https:\/\/longsformats.artecom.studio\/communicationpoltoulouse\/2020\/02\/13\/toulouse-et-son-metro\/?preview_id=19&amp;preview_nonce=808ac29457&amp;preview=true&amp;_thumbnail_id=227\">d&rsquo;am\u00e9nagement<\/a> visant un b\u00e9n\u00e9fice de la qualit\u00e9 de vie sont-ils tous inclusifs ?  Ou porteurs d&rsquo;exclusion ?<\/p>\n\n\n<p class=\"aligncenter wp-block-tag-cloud\"><a href=\"https:\/\/longsformats.artecom.studio\/communicationpoltoulouse\/tag\/1984\/\" class=\"tag-cloud-link tag-link-14 tag-link-position-1\" style=\"font-size: 8pt;\" aria-label=\"1984 (1 \u00e9l\u00e9ment)\">1984<\/a>\n<a href=\"https:\/\/longsformats.artecom.studio\/communicationpoltoulouse\/tag\/albanais\/\" class=\"tag-cloud-link tag-link-57 tag-link-position-2\" style=\"font-size: 8pt;\" aria-label=\"albanais (1 \u00e9l\u00e9ment)\">albanais<\/a>\n<a href=\"https:\/\/longsformats.artecom.studio\/communicationpoltoulouse\/tag\/anti-bivouac\/\" class=\"tag-cloud-link tag-link-46 tag-link-position-3\" style=\"font-size: 8pt;\" aria-label=\"Anti-bivouac (1 \u00e9l\u00e9ment)\">Anti-bivouac<\/a>\n<a href=\"https:\/\/longsformats.artecom.studio\/communicationpoltoulouse\/tag\/arrete\/\" class=\"tag-cloud-link tag-link-45 tag-link-position-4\" style=\"font-size: 8pt;\" aria-label=\"Arr\u00eat\u00e9 (1 \u00e9l\u00e9ment)\">Arr\u00eat\u00e9<\/a>\n<a href=\"https:\/\/longsformats.artecom.studio\/communicationpoltoulouse\/tag\/big-brother\/\" class=\"tag-cloud-link tag-link-8 tag-link-position-5\" style=\"font-size: 8pt;\" aria-label=\"Big Brother (1 \u00e9l\u00e9ment)\">Big Brother<\/a>\n<a href=\"https:\/\/longsformats.artecom.studio\/communicationpoltoulouse\/tag\/cameras\/\" class=\"tag-cloud-link tag-link-15 tag-link-position-6\" style=\"font-size: 8pt;\" aria-label=\"cam\u00e9ras (1 \u00e9l\u00e9ment)\">cam\u00e9ras<\/a>\n<a href=\"https:\/\/longsformats.artecom.studio\/communicationpoltoulouse\/tag\/cctv\/\" class=\"tag-cloud-link tag-link-7 tag-link-position-7\" style=\"font-size: 8pt;\" aria-label=\"CCTV (1 \u00e9l\u00e9ment)\">CCTV<\/a>\n<a href=\"https:\/\/longsformats.artecom.studio\/communicationpoltoulouse\/tag\/citoyens\/\" class=\"tag-cloud-link tag-link-35 tag-link-position-8\" style=\"font-size: 8pt;\" aria-label=\"citoyens (1 \u00e9l\u00e9ment)\">citoyens<\/a>\n<a href=\"https:\/\/longsformats.artecom.studio\/communicationpoltoulouse\/tag\/coup-de-communication-politique\/\" class=\"tag-cloud-link tag-link-48 tag-link-position-9\" style=\"font-size: 8pt;\" aria-label=\"coup de communication politique (1 \u00e9l\u00e9ment)\">coup de communication politique<\/a>\n<a href=\"https:\/\/longsformats.artecom.studio\/communicationpoltoulouse\/tag\/declarations\/\" class=\"tag-cloud-link tag-link-51 tag-link-position-10\" style=\"font-size: 8pt;\" aria-label=\"d\u00e9clarations (1 \u00e9l\u00e9ment)\">d\u00e9clarations<\/a>\n<a href=\"https:\/\/longsformats.artecom.studio\/communicationpoltoulouse\/tag\/grand-matabiau\/\" class=\"tag-cloud-link tag-link-27 tag-link-position-11\" style=\"font-size: 8pt;\" aria-label=\"Grand Matabiau (1 \u00e9l\u00e9ment)\">Grand Matabiau<\/a>\n<a href=\"https:\/\/longsformats.artecom.studio\/communicationpoltoulouse\/tag\/horizon-2030\/\" class=\"tag-cloud-link tag-link-29 tag-link-position-12\" style=\"font-size: 8pt;\" aria-label=\"Horizon 2030 (1 \u00e9l\u00e9ment)\">Horizon 2030<\/a>\n<a href=\"https:\/\/longsformats.artecom.studio\/communicationpoltoulouse\/tag\/impuissance-publique\/\" class=\"tag-cloud-link tag-link-58 tag-link-position-13\" style=\"font-size: 8pt;\" aria-label=\"impuissance publique (1 \u00e9l\u00e9ment)\">impuissance publique<\/a>\n<a href=\"https:\/\/longsformats.artecom.studio\/communicationpoltoulouse\/tag\/insecurite\/\" class=\"tag-cloud-link tag-link-50 tag-link-position-14\" style=\"font-size: 8pt;\" aria-label=\"ins\u00e9curit\u00e9 (1 \u00e9l\u00e9ment)\">ins\u00e9curit\u00e9<\/a>\n<a href=\"https:\/\/longsformats.artecom.studio\/communicationpoltoulouse\/tag\/international\/\" class=\"tag-cloud-link tag-link-31 tag-link-position-15\" style=\"font-size: 8pt;\" aria-label=\"International (1 \u00e9l\u00e9ment)\">International<\/a>\n<a href=\"https:\/\/longsformats.artecom.studio\/communicationpoltoulouse\/tag\/intervention-policiere\/\" class=\"tag-cloud-link tag-link-54 tag-link-position-16\" style=\"font-size: 8pt;\" aria-label=\"Intervention polici\u00e8re (1 \u00e9l\u00e9ment)\">Intervention polici\u00e8re<\/a>\n<a href=\"https:\/\/longsformats.artecom.studio\/communicationpoltoulouse\/tag\/jean-luc-moudenc\/\" class=\"tag-cloud-link tag-link-47 tag-link-position-17\" style=\"font-size: 8pt;\" aria-label=\"Jean-Luc Moudenc (1 \u00e9l\u00e9ment)\">Jean-Luc Moudenc<\/a>\n<a href=\"https:\/\/longsformats.artecom.studio\/communicationpoltoulouse\/tag\/levier-juridique\/\" class=\"tag-cloud-link tag-link-55 tag-link-position-18\" style=\"font-size: 8pt;\" aria-label=\"levier juridique (1 \u00e9l\u00e9ment)\">levier juridique<\/a>\n<a href=\"https:\/\/longsformats.artecom.studio\/communicationpoltoulouse\/tag\/libertes\/\" class=\"tag-cloud-link tag-link-16 tag-link-position-19\" style=\"font-size: 8pt;\" aria-label=\"libert\u00e9s (1 \u00e9l\u00e9ment)\">libert\u00e9s<\/a>\n<a href=\"https:\/\/longsformats.artecom.studio\/communicationpoltoulouse\/tag\/marketing-territorial\/\" class=\"tag-cloud-link tag-link-39 tag-link-position-20\" style=\"font-size: 8pt;\" aria-label=\"Marketing territorial (1 \u00e9l\u00e9ment)\">Marketing territorial<\/a>\n<a href=\"https:\/\/longsformats.artecom.studio\/communicationpoltoulouse\/tag\/mesure-choc\/\" class=\"tag-cloud-link tag-link-49 tag-link-position-21\" style=\"font-size: 8pt;\" aria-label=\"mesure choc (1 \u00e9l\u00e9ment)\">mesure choc<\/a>\n<a href=\"https:\/\/longsformats.artecom.studio\/communicationpoltoulouse\/tag\/metro\/\" class=\"tag-cloud-link tag-link-34 tag-link-position-22\" style=\"font-size: 8pt;\" aria-label=\"metro (1 \u00e9l\u00e9ment)\">metro<\/a>\n<a href=\"https:\/\/longsformats.artecom.studio\/communicationpoltoulouse\/tag\/mobilite\/\" class=\"tag-cloud-link tag-link-38 tag-link-position-23\" style=\"font-size: 13.25pt;\" aria-label=\"mobilit\u00e9 (2 \u00e9l\u00e9ments)\">mobilit\u00e9<\/a>\n<a href=\"https:\/\/longsformats.artecom.studio\/communicationpoltoulouse\/tag\/occitanie\/\" class=\"tag-cloud-link tag-link-17 tag-link-position-24\" style=\"font-size: 8pt;\" aria-label=\"Occitanie (1 \u00e9l\u00e9ment)\">Occitanie<\/a>\n<a href=\"https:\/\/longsformats.artecom.studio\/communicationpoltoulouse\/tag\/open-metropole\/\" class=\"tag-cloud-link tag-link-19 tag-link-position-25\" style=\"font-size: 8pt;\" aria-label=\"Open M\u00e9tropole (1 \u00e9l\u00e9ment)\">Open M\u00e9tropole<\/a>\n<a href=\"https:\/\/longsformats.artecom.studio\/communicationpoltoulouse\/tag\/parole-citoyenne\/\" class=\"tag-cloud-link tag-link-40 tag-link-position-26\" style=\"font-size: 8pt;\" aria-label=\"parole citoyenne (1 \u00e9l\u00e9ment)\">parole citoyenne<\/a>\n<a href=\"https:\/\/longsformats.artecom.studio\/communicationpoltoulouse\/tag\/politique\/\" class=\"tag-cloud-link tag-link-9 tag-link-position-27\" style=\"font-size: 8pt;\" aria-label=\"Politique (1 \u00e9l\u00e9ment)\">Politique<\/a>\n<a href=\"https:\/\/longsformats.artecom.studio\/communicationpoltoulouse\/tag\/projet-urbain\/\" class=\"tag-cloud-link tag-link-42 tag-link-position-28\" style=\"font-size: 13.25pt;\" aria-label=\"Projet urbain (2 \u00e9l\u00e9ments)\">Projet urbain<\/a>\n<a href=\"https:\/\/longsformats.artecom.studio\/communicationpoltoulouse\/tag\/precarite-sociale\/\" class=\"tag-cloud-link tag-link-60 tag-link-position-29\" style=\"font-size: 8pt;\" aria-label=\"pr\u00e9carit\u00e9 sociale (1 \u00e9l\u00e9ment)\">pr\u00e9carit\u00e9 sociale<\/a>\n<a href=\"https:\/\/longsformats.artecom.studio\/communicationpoltoulouse\/tag\/sans-abrisme\/\" class=\"tag-cloud-link tag-link-59 tag-link-position-30\" style=\"font-size: 8pt;\" aria-label=\"sans-abrisme (1 \u00e9l\u00e9ment)\">sans-abrisme<\/a>\n<a href=\"https:\/\/longsformats.artecom.studio\/communicationpoltoulouse\/tag\/smart-city\/\" class=\"tag-cloud-link tag-link-11 tag-link-position-31\" style=\"font-size: 13.25pt;\" aria-label=\"smart city (2 \u00e9l\u00e9ments)\">smart city<\/a>\n<a href=\"https:\/\/longsformats.artecom.studio\/communicationpoltoulouse\/tag\/technopolice\/\" class=\"tag-cloud-link tag-link-10 tag-link-position-32\" style=\"font-size: 8pt;\" aria-label=\"Technopolice (1 \u00e9l\u00e9ment)\">Technopolice<\/a>\n<a href=\"https:\/\/longsformats.artecom.studio\/communicationpoltoulouse\/tag\/tentes\/\" class=\"tag-cloud-link tag-link-56 tag-link-position-33\" style=\"font-size: 8pt;\" aria-label=\"tentes (1 \u00e9l\u00e9ment)\">tentes<\/a>\n<a href=\"https:\/\/longsformats.artecom.studio\/communicationpoltoulouse\/tag\/teso\/\" class=\"tag-cloud-link tag-link-28 tag-link-position-34\" style=\"font-size: 8pt;\" aria-label=\"TESO (1 \u00e9l\u00e9ment)\">TESO<\/a>\n<a href=\"https:\/\/longsformats.artecom.studio\/communicationpoltoulouse\/tag\/toulouse\/\" class=\"tag-cloud-link tag-link-5 tag-link-position-35\" style=\"font-size: 22pt;\" aria-label=\"Toulouse (5 \u00e9l\u00e9ments)\">Toulouse<\/a>\n<a href=\"https:\/\/longsformats.artecom.studio\/communicationpoltoulouse\/tag\/toulouse-2030\/\" class=\"tag-cloud-link tag-link-30 tag-link-position-36\" style=\"font-size: 8pt;\" aria-label=\"Toulouse 2030 (1 \u00e9l\u00e9ment)\">Toulouse 2030<\/a>\n<a href=\"https:\/\/longsformats.artecom.studio\/communicationpoltoulouse\/tag\/tour-occitanie\/\" class=\"tag-cloud-link tag-link-25 tag-link-position-37\" style=\"font-size: 8pt;\" aria-label=\"Tour Occitanie (1 \u00e9l\u00e9ment)\">Tour Occitanie<\/a>\n<a href=\"https:\/\/longsformats.artecom.studio\/communicationpoltoulouse\/tag\/telepherique-urbain\/\" class=\"tag-cloud-link tag-link-37 tag-link-position-38\" style=\"font-size: 8pt;\" aria-label=\"T\u00e9l\u00e9ph\u00e9rique urbain (1 \u00e9l\u00e9ment)\">T\u00e9l\u00e9ph\u00e9rique urbain<\/a>\n<a href=\"https:\/\/longsformats.artecom.studio\/communicationpoltoulouse\/tag\/urbanisme\/\" class=\"tag-cloud-link tag-link-32 tag-link-position-39\" style=\"font-size: 8pt;\" aria-label=\"urbanisme (1 \u00e9l\u00e9ment)\">urbanisme<\/a>\n<a href=\"https:\/\/longsformats.artecom.studio\/communicationpoltoulouse\/tag\/videoprotection\/\" class=\"tag-cloud-link tag-link-12 tag-link-position-40\" style=\"font-size: 8pt;\" aria-label=\"vid\u00e9oprotection (1 \u00e9l\u00e9ment)\">vid\u00e9oprotection<\/a>\n<a href=\"https:\/\/longsformats.artecom.studio\/communicationpoltoulouse\/tag\/videosurveillance\/\" class=\"tag-cloud-link tag-link-13 tag-link-position-41\" style=\"font-size: 8pt;\" aria-label=\"vid\u00e9osurveillance (1 \u00e9l\u00e9ment)\">vid\u00e9osurveillance<\/a>\n<a href=\"https:\/\/longsformats.artecom.studio\/communicationpoltoulouse\/tag\/ville-mobile\/\" class=\"tag-cloud-link tag-link-41 tag-link-position-42\" style=\"font-size: 8pt;\" aria-label=\"ville mobile (1 \u00e9l\u00e9ment)\">ville mobile<\/a>\n<a href=\"https:\/\/longsformats.artecom.studio\/communicationpoltoulouse\/tag\/ville-rose\/\" class=\"tag-cloud-link tag-link-6 tag-link-position-43\" style=\"font-size: 8pt;\" aria-label=\"Ville Rose (1 \u00e9l\u00e9ment)\">Ville Rose<\/a>\n<a href=\"https:\/\/longsformats.artecom.studio\/communicationpoltoulouse\/tag\/visibilite\/\" class=\"tag-cloud-link tag-link-52 tag-link-position-44\" style=\"font-size: 8pt;\" aria-label=\"visibilit\u00e9 (1 \u00e9l\u00e9ment)\">visibilit\u00e9<\/a>\n<a href=\"https:\/\/longsformats.artecom.studio\/communicationpoltoulouse\/tag\/voie-publique\/\" class=\"tag-cloud-link tag-link-53 tag-link-position-45\" style=\"font-size: 8pt;\" aria-label=\"voie publique (1 \u00e9l\u00e9ment)\">voie publique<\/a><\/p>","protected":false},"excerpt":{"rendered":"<p>Le 12 septembre 2019, lors de sa conf\u00e9rence de rentr\u00e9e, le maire de Toulouse (les R\u00e9publicains) Jean-Luc Moudenc, a affirm\u00e9 sa volont\u00e9 de mettre en place un arr\u00eat\u00e9 anti-bivouac concernant le centre de la ville. Ce sont les 26 tentes install\u00e9es en son sein qui sont vis\u00e9es par cette mesure.\u00a0\u00a0 Annonce de l&rsquo;arr\u00eat\u00e9 anti-bivouac L&rsquo;\u00e9lu [&hellip;]<\/p>\n","protected":false},"author":30,"featured_media":317,"comment_status":"open","ping_status":"open","sticky":false,"template":"","format":"standard","meta":{"footnotes":""},"categories":[61],"tags":[57,46,45,48,51,58,50,54,47,55,49,60,59,56,52,53],"class_list":{"0":"post-297","1":"post","2":"type-post","3":"status-publish","4":"format-standard","5":"has-post-thumbnail","6":"hentry","7":"category-toulouse-securite","8":"tag-albanais","9":"tag-anti-bivouac","10":"tag-arrete","11":"tag-coup-de-communication-politique","12":"tag-declarations","13":"tag-impuissance-publique","14":"tag-insecurite","15":"tag-intervention-policiere","16":"tag-jean-luc-moudenc","17":"tag-levier-juridique","18":"tag-mesure-choc","19":"tag-precarite-sociale","20":"tag-sans-abrisme","21":"tag-tentes","22":"tag-visibilite","23":"tag-voie-publique","25":"aesop-entry-content"},"_links":{"self":[{"href":"https:\/\/longsformats.artecom.studio\/communicationpoltoulouse\/wp-json\/wp\/v2\/posts\/297","targetHints":{"allow":["GET"]}}],"collection":[{"href":"https:\/\/longsformats.artecom.studio\/communicationpoltoulouse\/wp-json\/wp\/v2\/posts"}],"about":[{"href":"https:\/\/longsformats.artecom.studio\/communicationpoltoulouse\/wp-json\/wp\/v2\/types\/post"}],"author":[{"embeddable":true,"href":"https:\/\/longsformats.artecom.studio\/communicationpoltoulouse\/wp-json\/wp\/v2\/users\/30"}],"replies":[{"embeddable":true,"href":"https:\/\/longsformats.artecom.studio\/communicationpoltoulouse\/wp-json\/wp\/v2\/comments?post=297"}],"version-history":[{"count":134,"href":"https:\/\/longsformats.artecom.studio\/communicationpoltoulouse\/wp-json\/wp\/v2\/posts\/297\/revisions"}],"predecessor-version":[{"id":787,"href":"https:\/\/longsformats.artecom.studio\/communicationpoltoulouse\/wp-json\/wp\/v2\/posts\/297\/revisions\/787"}],"wp:featuredmedia":[{"embeddable":true,"href":"https:\/\/longsformats.artecom.studio\/communicationpoltoulouse\/wp-json\/wp\/v2\/media\/317"}],"wp:attachment":[{"href":"https:\/\/longsformats.artecom.studio\/communicationpoltoulouse\/wp-json\/wp\/v2\/media?parent=297"}],"wp:term":[{"taxonomy":"category","embeddable":true,"href":"https:\/\/longsformats.artecom.studio\/communicationpoltoulouse\/wp-json\/wp\/v2\/categories?post=297"},{"taxonomy":"post_tag","embeddable":true,"href":"https:\/\/longsformats.artecom.studio\/communicationpoltoulouse\/wp-json\/wp\/v2\/tags?post=297"}],"curies":[{"name":"wp","href":"https:\/\/api.w.org\/{rel}","templated":true}]}}