{"id":280,"date":"2020-02-29T18:30:02","date_gmt":"2020-02-29T17:30:02","guid":{"rendered":"https:\/\/longsformats.artecom.studio\/communicationpoltoulouse\/?p=280"},"modified":"2020-03-02T14:39:45","modified_gmt":"2020-03-02T13:39:45","slug":"toulouse-ville-intelligente-protection-ou-surveillance-a-lere-du-digital","status":"publish","type":"post","link":"https:\/\/longsformats.artecom.studio\/communicationpoltoulouse\/2020\/02\/29\/toulouse-ville-intelligente-protection-ou-surveillance-a-lere-du-digital\/","title":{"rendered":"Toulouse \u00ab ville intelligente \u00bb : protection ou surveillance \u00e0 l\u2019\u00e8re du digital ?"},"content":{"rendered":"\n<p style=\"text-align:center\"><em>En 2014, le maire de la Ville rose, Jean-Luc Moudenc, a lanc\u00e9 un vaste plan de protection citoyenne, avec l&rsquo;id\u00e9e d&rsquo;installer pas moins de 400 cam\u00e9ras, ainsi que des dispositifs de surveillance \u00e0 la pointe de la technologie dans toute la ville. Or, l&rsquo;id\u00e9e d&rsquo;une ville \u00e0 l\u2019allure de <\/em>1984<em> de George Orwell est loin de faire l&rsquo;unanimit\u00e9.<\/em><\/p>\n\n\n\n<div style=\"height:50px\" aria-hidden=\"true\" class=\"wp-block-spacer\"><\/div>\n\n\n\n<p>\u00c0 l\u2019image des initiatives lanc\u00e9es aux 4 coins du globe depuis une dizaine d\u2019ann\u00e9es, Toulouse M\u00e9tropole a lanc\u00e9 en 2015 <a rel=\"noreferrer noopener\" aria-label=\" (s\u2019ouvre dans un nouvel onglet)\" href=\"https:\/\/longsformats.artecom.studio\/communicationpoltoulouse\/2020\/03\/01\/la-communication-de-toulouse-metropole\/\" target=\"_blank\">son projet de \u00ab&nbsp;Smart City&nbsp;\u00bb<\/a>, avec pour objectif de cr\u00e9er une ville plus&nbsp;innovante, plus connect\u00e9e mais aussi et surtout, plus s\u00fbre. Toulouse a ainsi discr\u00e8tement vu fleurir des dispositifs filmiques de plus en plus intelligents, certains faisant m\u00eame appel \u00e0 l\u2019intelligence artificielle, au <em>machine learning <\/em>et \u00e0 de meilleurs syst\u00e8mes de gestion des vid\u00e9os. De son c\u00f4t\u00e9, le maire de la ville et membre des R\u00e9publicains, Jean-Luc Moudenc, explique aux citoyen\u00b7ne\u00b7s vouloir assurer la s\u00e9curit\u00e9 de chacun\u00b7e. En outre, les progr\u00e8s technologiques sont, doucement mais s\u00fbrement, en train de r\u00e9volutionner la fa\u00e7on dont la police recueille des preuves et lutte contre la criminalit\u00e9.<\/p>\n\n\n\n<div class=\"wp-block-image\"><figure class=\"aligncenter is-resized\"><img loading=\"lazy\" decoding=\"async\" src=\"https:\/\/longsformats.artecom.studio\/brouillon\/wp-content\/uploads\/sites\/6\/2020\/02\/smart-city-final-958x1024.png\" alt=\"\" class=\"wp-image-297\" width=\"460\" height=\"489\"\/><\/figure><\/div>\n\n\n\n<p>Par ailleurs, \u00e0 cause des nombreuses attaques terroristes perp\u00e9tr\u00e9es sur le territoire fran\u00e7ais depuis 2015, le gouvernement a d\u00fb redoubler de moyens pour assurer la protection et la s\u00e9curit\u00e9 de ses citoyen\u00b7ne\u00b7s. <strong><a rel=\"noreferrer noopener\" aria-label=\" (s\u2019ouvre dans un nouvel onglet)\" href=\"https:\/\/www.vie-publique.fr\/questions-reponses\/269427-etat-durgence-et-autres-regimes-dexception-foire-aux-questions-faq\" target=\"_blank\">L\u2019\u00e9tat d\u2019urgence<\/a> <\/strong>est d\u00e9clar\u00e9 et la <strong>s\u00e9curit\u00e9 nationale<\/strong> devient le ma\u00eetre mot et la priorit\u00e9 du pays tout entier. C\u2019est aussi dans ce contexte que Jean-Luc Moudenc s\u2019est lanc\u00e9, d\u00e8s 2015, dans un vaste projet d\u2019implantation de cam\u00e9ras de vid\u00e9osurveillance un peu partout dans la Ville rose. Par cons\u00e9quent, \u00e0 Toulouse, o\u00f9 l\u2019on ne comptait que <strong>21 cam\u00e9ras en 2014<\/strong>, on en d\u00e9nombrait d\u00e9j\u00e0 <strong>350 en 2016<\/strong> et <strong>402 en 2020<\/strong>, soit une hausse de&#8230; 1 814 % ! <\/p>\n\n\n\n<div class=\"wp-block-image\"><figure class=\"aligncenter\"><img loading=\"lazy\" decoding=\"async\" width=\"742\" height=\"360\" src=\"https:\/\/longsformats.artecom.studio\/communicationpoltoulouse\/wp-content\/uploads\/sites\/10\/2020\/02\/cam-toulouse.png\" alt=\"\" class=\"wp-image-450\" srcset=\"https:\/\/longsformats.artecom.studio\/communicationpoltoulouse\/wp-content\/uploads\/sites\/10\/2020\/02\/cam-toulouse.png 742w, https:\/\/longsformats.artecom.studio\/communicationpoltoulouse\/wp-content\/uploads\/sites\/10\/2020\/02\/cam-toulouse-300x146.png 300w, https:\/\/longsformats.artecom.studio\/communicationpoltoulouse\/wp-content\/uploads\/sites\/10\/2020\/02\/cam-toulouse-400x194.png 400w\" sizes=\"auto, (max-width: 742px) 100vw, 742px\" \/><figcaption> La r\u00e9partition des cam\u00e9ras de vid\u00e9osurveillance dans le centre-ville de Toulouse. <br>En rouge sont repr\u00e9sent\u00e9es les cam\u00e9ras publiques, en bleu les cam\u00e9ras priv\u00e9es. <br>\u00a9 <a rel=\"noreferrer noopener\" aria-label=\" (s\u2019ouvre dans un nouvel onglet)\" href=\"https:\/\/toulouse.sous-surveillance.net\/\" target=\"_blank\">toulouse.sous-surveillance.net<\/a><\/figcaption><\/figure><\/div>\n\n\n\n<p>D&rsquo;apr\u00e8s les acteurs politiques favorables \u00e0 l&rsquo;installation de ces nouveaux dispositifs de surveillance, le recueil, l&rsquo;analyse et le traitement des donn\u00e9es personnelles serviraient \u00e0 l&rsquo;int\u00e9r\u00eat commun. Pourtant, il persiste, chez certain\u00b7e\u00b7s, une crainte l\u00e9gitime qu\u2019une part de leurs donn\u00e9es ne soient utilis\u00e9es sans leur consentement, ou qu\u2019une fois leur accord donn\u00e9, ces derni\u00e8res ne soient d\u00e9tourn\u00e9es. De fait, l\u2019utilisation du <em>machine learning<\/em> dans le domaine de la s\u00e9curit\u00e9 est loin de faire l\u2019unanimit\u00e9&nbsp;: risque de reproduire des biais humains, fichage des citoyens\u2026 Le projet pose \u00e9galement probl\u00e8me sur le plan de la libert\u00e9 d\u2019expression, d\u2019opinion, de conscience, de circulation, de manifestation, dans un contexte o\u00f9 la surveillance des foules est mise en exergue.<\/p>\n\n\n\n<p>Dans ce contexte, l\u2019enjeu des acteurs publics \u0153uvrant \u00e0 ce projet est de taille&nbsp;: obtenir, mais surtout conserver la confiance des citoyen.ne.s pour l\u2019utilisation de leurs donn\u00e9es pour l\u2019int\u00e9r\u00eat g\u00e9n\u00e9ral. <\/p>\n\n\n\n<h3 class=\"wp-block-heading\">Vid\u00e9oprotection ou vid\u00e9osurveillance&nbsp;? Le conflit entre protection citoyenne et protection de la vie priv\u00e9e <\/h3>\n\n\n\n<div style=\"width: 100%;\"><div style=\"position: relative; padding-bottom: 56.25%; padding-top: 0; height: 0;\"><iframe loading=\"lazy\" style=\"position: absolute; top: 0; left: 0; width: 100%; height: 100%;\" src=\"https:\/\/view.genial.ly\/5e56f8f0c608bc7635d416f8\" type=\"text\/html\" allowscriptaccess=\"always\" allowfullscreen=\"true\" scrolling=\"yes\" allownetworking=\"all\" width=\"1500px\" height=\"843.75px\" frameborder=\"0\"><\/iframe> <\/div> <\/div>\n\n\n\n<p>Il semble int\u00e9ressant de souligner que, d&rsquo;un point de vue s\u00e9mantique, les termes repris par les diff\u00e9rents acteurs municipaux sont diff\u00e9rents : si la Droite pr\u00e9f\u00e8re g\u00e9n\u00e9ralement parler de syst\u00e8mes de \u00ab vid\u00e9oprotection \u00bb, la Gauche et ses opposants parlent plut\u00f4t de \u00ab vid\u00e9osurveillance \u00bb. Il s&rsquo;op\u00e8re donc d\u00e9j\u00e0 un conflit autour de l&rsquo;utilisation g\u00e9n\u00e9ralis\u00e9e de ces dispositifs. D&rsquo;ailleurs, l&rsquo;un des arguments de l&rsquo;opposition est d&rsquo;affirmer que les cam\u00e9ras de surveillance n&rsquo;auraient pas n\u00e9cessairement une grande efficacit\u00e9 sur le taux de d\u00e9linquance de la ville. En effet, les d\u00e9bordements et d\u00e9gradations du centre-ville, au cours des manifestations qui ont lieu chaque semaine, suffisent \u00e0 faire douter du pouvoir dissuasif de ces derni\u00e8res.<\/p>\n\n\n\n<p>En 2019, Toulouse prenait la neuvi\u00e8me place dans le classement des villes de plus de 100&nbsp;000 habitants ayant le plus grand nombre de dispositifs de surveillance. Le maire de Toulouse, en pleine campagne pour les \u00e9lections municipales de 2020, a par ailleurs confirm\u00e9 sur son compte Twitter la volont\u00e9 d\u2019en installer 100 de plus d\u2019ici la fin de son mandat, toujours dans le but de \u00ab&nbsp;prot\u00e9ger les toulousains&nbsp;\u00bb comme il le r\u00e9p\u00e8te \u00e0 plusieurs reprises (vid\u00e9o ci-dessous). <\/p>\n\n\n\n<figure class=\"wp-block-video aligncenter\"><video height=\"360\" style=\"aspect-ratio: 640 \/ 360;\" width=\"640\" controls src=\"https:\/\/longsformats.artecom.studio\/communicationpoltoulouse\/wp-content\/uploads\/sites\/10\/2020\/02\/Moudenc-Cam\u00e9ra.mp4\"><\/video><\/figure>\n\n\n\n<hr class=\"wp-block-separator\"\/>\n\n\n\n<p>En outre, la mairie de Toulouse argumente en mettant l\u2019accent sur la capacit\u00e9 des outils de vid\u00e9o-protection \u00e0 <strong>contribuer \u00e0 la r\u00e9solution d\u2019enqu\u00eates<\/strong> et sur son utilit\u00e9 pour les victimes. Depuis <strong>2016<\/strong>, le poste de contr\u00f4le vid\u00e9o a saisi la police <strong>2 257 fois <\/strong>apr\u00e8s avoir rep\u00e9r\u00e9 un comportement suspect sur la voie publique. En <strong>2017<\/strong>, le Capitole affirmait que les r\u00e9quisitions d&rsquo;images vid\u00e9o dans le cadre d&rsquo;enqu\u00eates de police sont pass\u00e9es de <strong>73 \u00e0 385<\/strong> depuis le d\u00e9but de l&rsquo;implantation du r\u00e9seau. En <strong>2018<\/strong>, la police nationale a proc\u00e9d\u00e9 \u00e0 <strong>1 418 r\u00e9quisitions d\u2019images <\/strong>aupr\u00e8s du Centre municipal de vid\u00e9oprotection urbaine (CVU), soit presque 2 fois plus qu\u2019en 2017.  La mairie insiste \u00e9galement sur un autre service rendu par la vid\u00e9oprotection&nbsp;: le secours \u00e0 la personne, soit pr\u00e8s de 207 cas en 2018. <\/p>\n\n\n\n<h3 class=\"wp-block-heading\">Remise en cause de la protection citoyenne : des dispositifs liberticides ?<\/h3>\n\n\n\n<p>De leur c\u00f4t\u00e9, les personnes qui sont contre ces dispositifs avancent notamment 2 arguments. <\/p>\n\n\n\n<p>Premi\u00e8rement, de nombreuses \u00e9tudes auraient d\u00e9montr\u00e9 que ces dispositifs n&rsquo;auraient pas d&rsquo;effets av\u00e9r\u00e9s sur le taux de criminalit\u00e9 ou de d\u00e9linquance. <br>En effet, selon le sociologue et chercheur Laurent Mucchielli, pour mesurer l&rsquo;impact de la vid\u00e9osurveillance sur le taux de d\u00e9linquance, il faudrait  savoir, parmi ces r\u00e9quisitions d\u2019images, combien ont vraiment jou\u00e9 un r\u00f4le dans l&rsquo;interpellation d&rsquo;un individu. Toujours selon ses recherches, ils repr\u00e9sentent 1 \u00e0 3&nbsp;% des cas \u00e9tudi\u00e9s par le sociologue, un chiffre qui est loin de justifier les investissements r\u00e9alis\u00e9s par les communes&nbsp;de Toulouse M\u00e9tropole : 9,7 millions d\u2019euros depuis 2014 \u00e0 Toulouse, o\u00f9 pr\u00e8s de 400 cam\u00e9ras sont actuellement op\u00e9rationnelles. Quant \u00e0 la d\u00e9tection de faits de d\u00e9linquance en direct, l\u00e0 encore d&rsquo;apr\u00e8s le chercheur ni\u00e7ois, le constat est sans appel&nbsp;: <\/p>\n\n\n\n<p style=\"text-align:center\">\u00ab&nbsp;<em>Elle est si faible qu\u2019aujourd\u2019hui, le syst\u00e8me est d\u00e9tourn\u00e9 pour faire de la vid\u00e9o-verbalisation d\u2019infractions routi\u00e8res. Et quand il s\u2019agit de s\u00e9curiser une zone pr\u00e9cise, comme un point de trafic de stup\u00e9fiants, les cam\u00e9ras ne font que d\u00e9placer le probl\u00e8me.&nbsp;\u00bb<\/em><\/p>\n\n\n\n<p>Pour les instances gouvernantes, il s\u2019agit d\u2019offrir une plus grande protection aux citoyen\u00b7ne\u00b7s, une ville plus s\u00fbre. Mais faut-il pour autant renoncer \u00e0 l\u2019anonymat&nbsp;? De tels syst\u00e8mes supposent de se nourrir de toujours plus de donn\u00e9es, et plus sp\u00e9cifiquement de donn\u00e9es personnelles.  <\/p>\n\n\n\n<div class=\"wp-block-image\"><figure class=\"aligncenter is-resized\"><img loading=\"lazy\" decoding=\"async\" src=\"https:\/\/longsformats.artecom.studio\/communicationpoltoulouse\/wp-content\/uploads\/sites\/10\/2020\/02\/Cam\u00e9ra.jpg\" alt=\"\" class=\"wp-image-420\" width=\"403\" height=\"484\" srcset=\"https:\/\/longsformats.artecom.studio\/communicationpoltoulouse\/wp-content\/uploads\/sites\/10\/2020\/02\/Cam\u00e9ra.jpg 400w, https:\/\/longsformats.artecom.studio\/communicationpoltoulouse\/wp-content\/uploads\/sites\/10\/2020\/02\/Cam\u00e9ra-250x300.jpg 250w\" sizes=\"auto, (max-width: 403px) 100vw, 403px\" \/><figcaption>Aujourd\u2019hui, le syst\u00e8me est d\u00e9tourn\u00e9 pour faire de la vid\u00e9o-verbalisation d\u2019infractions routi\u00e8res.<\/figcaption><\/figure><\/div>\n\n\n\n<p>D&rsquo;apr\u00e8s  Jean-Fran\u00e7ois Mignard, de la Ligue des Droits de l&rsquo;Homme Midi-Pyr\u00e9n\u00e9es, <strong>la surveillance est un engrenage<\/strong>. Ce dernier pointe du doigt les nouveaux dispositifs qui ont fleuri apr\u00e8s les cam\u00e9ras de surveillance : cam\u00e9ra haut-parleur \u00e0 la Daurade, applications pour d\u00e9noncer les incivilit\u00e9s de ses voisins, num\u00e9ro vert contre les voiries encombr\u00e9es, les incivilit\u00e9s et les questions de propret\u00e9, algorithmes de d\u00e9tection par IBM, cam\u00e9ras thermiques au bord de la Garonne&#8230; Dans <a rel=\"noreferrer noopener\" aria-label=\"un article de la D\u00e9p\u00eache  (s\u2019ouvre dans un nouvel onglet)\" href=\"https:\/\/www.ladepeche.fr\/article\/2018\/04\/20\/2783812-c-est-une-derive-au-detriment-des-libertes.html\" target=\"_blank\">un article de la D\u00e9p\u00eache <\/a>par\u00fbt en 2018, il s&rsquo;exprime : \u00ab On rentre dans l&rsquo;\u00e8re de Big Brother. C&rsquo;est une d\u00e9rive au d\u00e9triment des libert\u00e9s publiques. \u00bb<\/p>\n\n\n\n<p>Install\u00e9es en 2017, les cam\u00e9ras haut-parleur de la Daurade permettent \u00e0 l&rsquo;agent qui voit l&rsquo;infraction depuis le poste de contr\u00f4le vid\u00e9o, de s&rsquo;adresser au contrevenant <em>via <\/em>le haut-parleur qui a \u00e9t\u00e9 ajout\u00e9 \u00e0 la cam\u00e9ra d\u00e9j\u00e0 existante. Pour avoir personnellement rencontr\u00e9 la situation une fois avec des amis, j&rsquo;avoue \u00eatre rest\u00e9e sans voix face au rappel \u00e0 l&rsquo;ordre venant d&rsquo;en haut&#8230; sans que je ne sache vraiment d&rsquo;o\u00f9. Il est vrai que ce dispositif a un c\u00f4t\u00e9 tr\u00e8s voyeur et intrusif, surtout quand on ignore sa pr\u00e9sence. D&rsquo;apr\u00e8s Olivier Arsac, l&rsquo;adjoint au maire charg\u00e9 de la s\u00e9curit\u00e9, \u00ab \u00e7a marche et c&rsquo;est plus doux qu&rsquo;une verbalisation \u00bb. Ce dispositif, qu&rsquo;il qualifie de \u00ab dr\u00f4le et original \u00bb, pourrait s&rsquo;\u00e9tendre \u00e0 plusieurs endroits de la ville.<\/p>\n\n\n\n<figure class=\"wp-block-embed-youtube aligncenter wp-block-embed is-type-video is-provider-youtube wp-embed-aspect-16-9 wp-has-aspect-ratio\"><div class=\"wp-block-embed__wrapper\">\n<iframe loading=\"lazy\" title=\"Toulouse \u00e9quip\u00e9e d&#039;une cam\u00e9ra avec haut-parleur pour rappeler \u00e0 l&#039;ordre les auteurs d&#039;incivilit\u00e9s\" width=\"800\" height=\"450\" src=\"https:\/\/www.youtube.com\/embed\/TE3f2bp2_Hs?feature=oembed\" frameborder=\"0\" allow=\"accelerometer; autoplay; encrypted-media; gyroscope; picture-in-picture\" allowfullscreen><\/iframe>\n<\/div><figcaption>Reportage sur les nouveaux dispositifs de la Daurade \u00e0 Toulouse<br>\u00a9 France 3 Occitanie<\/figcaption><\/figure>\n\n\n\n<p>Or, tous ces dispositifs de surveillance posent des questions de l&rsquo;ordre de l&rsquo;\u00e9thique. L&rsquo;algorithme de d\u00e9tection de la soci\u00e9t\u00e9 IBM risque-t-il de d\u00e9multiplier les discriminations structurelles d\u00e9j\u00e0 subies par celles et ceux qui vivent dans les quartiers pauvres ? Par ailleurs, il soul\u00e8ve un autre probl\u00e8me&nbsp;: le risque de&nbsp;<a href=\"https:\/\/fr.wikipedia.org\/wiki\/Faux_positif\" target=\"_blank\" rel=\"noreferrer noopener\" aria-label=\" (s\u2019ouvre dans un nouvel onglet)\">faux-positifs<\/a>&nbsp;dans la d\u00e9tection des comportements suspects et des infractions.  <\/p>\n\n\n\n<p>Par ailleurs, il semblerait que le recours \u00e0 ce type de dispositifs, toujours plus performants, se g\u00e9n\u00e9ralise partout sur le territoire fran\u00e7ais. Par exemple, lors du dernier carnaval de Nice, la reconnaissance faciale a \u00e9t\u00e9 test\u00e9e sur des volontaires. \u00c0 Saint-Etienne, il y a m\u00eame eu un projet pour exp\u00e9rimenter l\u2019audio-surveillance afin de d\u00e9tecter les bruits suspects, <a rel=\"noreferrer noopener\" aria-label=\"avant d'\u00eatre annul\u00e9 sur avis de la CNIL (s\u2019ouvre dans un nouvel onglet)\" href=\"http:\/\/rue89lyon.fr\/2019\/10\/31\/saint-etienne-renonce-a-tester-laudiosurveillance-sur-avis-de-la-cnil\/\" target=\"_blank\">avant d&rsquo;\u00eatre annul\u00e9 sur avis de la CNIL<\/a>. Sur le plan de la libert\u00e9 d\u2019expression, d\u2019opinion, de conscience, de circulation, de manifestation, le projet pose \u00e9galement question, tant la surveillance des foules est mise en exergue. <\/p>\n\n\n\n<p>Pour d\u00e9noncer les d\u00e9rives de la surveillance massive dans le contexte des <em>smart cities<\/em>, la Ligue des Droits de l&rsquo;Homme a lanc\u00e9 en 2019 la <strong>campagne Technopolice<\/strong>, ainsi qu&rsquo;une <a rel=\"noreferrer noopener\" aria-label=\"plateforme  (s\u2019ouvre dans un nouvel onglet)\" href=\"https:\/\/technopolice.fr\/\" target=\"_blank\">plateforme <\/a>ayant pour but de documenter le d\u00e9ploiement des projets de surveillance \u00e0 travers le pays. L&rsquo;autre enjeu de cette campagne est de parvenir \u00e0 organiser des r\u00e9sistances locales, en les f\u00e9d\u00e9rant.  <\/p>\n\n\n\n<p><em>Ces dispositifs de surveillance, tels qu&rsquo;on a pu les voir, posent des questions sur nos libert\u00e9s individuelles : pourra-t-on se joindre \u00e0 un \u00e9v\u00e9nement culturel ou une r\u00e9union politique sur la voie publique sans risquer d\u2019\u00eatre fich\u00e9 ? Autoriserons-nous partout en France la reconnaissance faciale ? <\/em><\/p>\n\n\n<p class=\"aligncenter wp-block-tag-cloud\"><a href=\"https:\/\/longsformats.artecom.studio\/communicationpoltoulouse\/tag\/1984\/\" class=\"tag-cloud-link tag-link-14 tag-link-position-1\" style=\"font-size: 8pt;\" aria-label=\"1984 (1 \u00e9l\u00e9ment)\">1984<\/a>\n<a href=\"https:\/\/longsformats.artecom.studio\/communicationpoltoulouse\/tag\/albanais\/\" class=\"tag-cloud-link tag-link-57 tag-link-position-2\" style=\"font-size: 8pt;\" aria-label=\"albanais (1 \u00e9l\u00e9ment)\">albanais<\/a>\n<a href=\"https:\/\/longsformats.artecom.studio\/communicationpoltoulouse\/tag\/anti-bivouac\/\" class=\"tag-cloud-link tag-link-46 tag-link-position-3\" style=\"font-size: 8pt;\" aria-label=\"Anti-bivouac (1 \u00e9l\u00e9ment)\">Anti-bivouac<\/a>\n<a href=\"https:\/\/longsformats.artecom.studio\/communicationpoltoulouse\/tag\/arrete\/\" class=\"tag-cloud-link tag-link-45 tag-link-position-4\" style=\"font-size: 8pt;\" aria-label=\"Arr\u00eat\u00e9 (1 \u00e9l\u00e9ment)\">Arr\u00eat\u00e9<\/a>\n<a href=\"https:\/\/longsformats.artecom.studio\/communicationpoltoulouse\/tag\/big-brother\/\" class=\"tag-cloud-link tag-link-8 tag-link-position-5\" style=\"font-size: 8pt;\" aria-label=\"Big Brother (1 \u00e9l\u00e9ment)\">Big Brother<\/a>\n<a href=\"https:\/\/longsformats.artecom.studio\/communicationpoltoulouse\/tag\/cameras\/\" class=\"tag-cloud-link tag-link-15 tag-link-position-6\" style=\"font-size: 8pt;\" aria-label=\"cam\u00e9ras (1 \u00e9l\u00e9ment)\">cam\u00e9ras<\/a>\n<a href=\"https:\/\/longsformats.artecom.studio\/communicationpoltoulouse\/tag\/cctv\/\" class=\"tag-cloud-link tag-link-7 tag-link-position-7\" style=\"font-size: 8pt;\" aria-label=\"CCTV (1 \u00e9l\u00e9ment)\">CCTV<\/a>\n<a href=\"https:\/\/longsformats.artecom.studio\/communicationpoltoulouse\/tag\/citoyens\/\" class=\"tag-cloud-link tag-link-35 tag-link-position-8\" style=\"font-size: 8pt;\" aria-label=\"citoyens (1 \u00e9l\u00e9ment)\">citoyens<\/a>\n<a href=\"https:\/\/longsformats.artecom.studio\/communicationpoltoulouse\/tag\/coup-de-communication-politique\/\" class=\"tag-cloud-link tag-link-48 tag-link-position-9\" style=\"font-size: 8pt;\" aria-label=\"coup de communication politique (1 \u00e9l\u00e9ment)\">coup de communication politique<\/a>\n<a href=\"https:\/\/longsformats.artecom.studio\/communicationpoltoulouse\/tag\/declarations\/\" class=\"tag-cloud-link tag-link-51 tag-link-position-10\" style=\"font-size: 8pt;\" aria-label=\"d\u00e9clarations (1 \u00e9l\u00e9ment)\">d\u00e9clarations<\/a>\n<a href=\"https:\/\/longsformats.artecom.studio\/communicationpoltoulouse\/tag\/grand-matabiau\/\" class=\"tag-cloud-link tag-link-27 tag-link-position-11\" style=\"font-size: 8pt;\" aria-label=\"Grand Matabiau (1 \u00e9l\u00e9ment)\">Grand Matabiau<\/a>\n<a href=\"https:\/\/longsformats.artecom.studio\/communicationpoltoulouse\/tag\/horizon-2030\/\" class=\"tag-cloud-link tag-link-29 tag-link-position-12\" style=\"font-size: 8pt;\" aria-label=\"Horizon 2030 (1 \u00e9l\u00e9ment)\">Horizon 2030<\/a>\n<a href=\"https:\/\/longsformats.artecom.studio\/communicationpoltoulouse\/tag\/impuissance-publique\/\" class=\"tag-cloud-link tag-link-58 tag-link-position-13\" style=\"font-size: 8pt;\" aria-label=\"impuissance publique (1 \u00e9l\u00e9ment)\">impuissance publique<\/a>\n<a href=\"https:\/\/longsformats.artecom.studio\/communicationpoltoulouse\/tag\/insecurite\/\" class=\"tag-cloud-link tag-link-50 tag-link-position-14\" style=\"font-size: 8pt;\" aria-label=\"ins\u00e9curit\u00e9 (1 \u00e9l\u00e9ment)\">ins\u00e9curit\u00e9<\/a>\n<a href=\"https:\/\/longsformats.artecom.studio\/communicationpoltoulouse\/tag\/international\/\" class=\"tag-cloud-link tag-link-31 tag-link-position-15\" style=\"font-size: 8pt;\" aria-label=\"International (1 \u00e9l\u00e9ment)\">International<\/a>\n<a href=\"https:\/\/longsformats.artecom.studio\/communicationpoltoulouse\/tag\/intervention-policiere\/\" class=\"tag-cloud-link tag-link-54 tag-link-position-16\" style=\"font-size: 8pt;\" aria-label=\"Intervention polici\u00e8re (1 \u00e9l\u00e9ment)\">Intervention polici\u00e8re<\/a>\n<a href=\"https:\/\/longsformats.artecom.studio\/communicationpoltoulouse\/tag\/jean-luc-moudenc\/\" class=\"tag-cloud-link tag-link-47 tag-link-position-17\" style=\"font-size: 8pt;\" aria-label=\"Jean-Luc Moudenc (1 \u00e9l\u00e9ment)\">Jean-Luc Moudenc<\/a>\n<a href=\"https:\/\/longsformats.artecom.studio\/communicationpoltoulouse\/tag\/levier-juridique\/\" class=\"tag-cloud-link tag-link-55 tag-link-position-18\" style=\"font-size: 8pt;\" aria-label=\"levier juridique (1 \u00e9l\u00e9ment)\">levier juridique<\/a>\n<a href=\"https:\/\/longsformats.artecom.studio\/communicationpoltoulouse\/tag\/libertes\/\" class=\"tag-cloud-link tag-link-16 tag-link-position-19\" style=\"font-size: 8pt;\" aria-label=\"libert\u00e9s (1 \u00e9l\u00e9ment)\">libert\u00e9s<\/a>\n<a href=\"https:\/\/longsformats.artecom.studio\/communicationpoltoulouse\/tag\/marketing-territorial\/\" class=\"tag-cloud-link tag-link-39 tag-link-position-20\" style=\"font-size: 8pt;\" aria-label=\"Marketing territorial (1 \u00e9l\u00e9ment)\">Marketing territorial<\/a>\n<a href=\"https:\/\/longsformats.artecom.studio\/communicationpoltoulouse\/tag\/mesure-choc\/\" class=\"tag-cloud-link tag-link-49 tag-link-position-21\" style=\"font-size: 8pt;\" aria-label=\"mesure choc (1 \u00e9l\u00e9ment)\">mesure choc<\/a>\n<a href=\"https:\/\/longsformats.artecom.studio\/communicationpoltoulouse\/tag\/metro\/\" class=\"tag-cloud-link tag-link-34 tag-link-position-22\" style=\"font-size: 8pt;\" aria-label=\"metro (1 \u00e9l\u00e9ment)\">metro<\/a>\n<a href=\"https:\/\/longsformats.artecom.studio\/communicationpoltoulouse\/tag\/mobilite\/\" class=\"tag-cloud-link tag-link-38 tag-link-position-23\" style=\"font-size: 13.25pt;\" aria-label=\"mobilit\u00e9 (2 \u00e9l\u00e9ments)\">mobilit\u00e9<\/a>\n<a href=\"https:\/\/longsformats.artecom.studio\/communicationpoltoulouse\/tag\/occitanie\/\" class=\"tag-cloud-link tag-link-17 tag-link-position-24\" style=\"font-size: 8pt;\" aria-label=\"Occitanie (1 \u00e9l\u00e9ment)\">Occitanie<\/a>\n<a href=\"https:\/\/longsformats.artecom.studio\/communicationpoltoulouse\/tag\/open-metropole\/\" class=\"tag-cloud-link tag-link-19 tag-link-position-25\" style=\"font-size: 8pt;\" aria-label=\"Open M\u00e9tropole (1 \u00e9l\u00e9ment)\">Open M\u00e9tropole<\/a>\n<a href=\"https:\/\/longsformats.artecom.studio\/communicationpoltoulouse\/tag\/parole-citoyenne\/\" class=\"tag-cloud-link tag-link-40 tag-link-position-26\" style=\"font-size: 8pt;\" aria-label=\"parole citoyenne (1 \u00e9l\u00e9ment)\">parole citoyenne<\/a>\n<a href=\"https:\/\/longsformats.artecom.studio\/communicationpoltoulouse\/tag\/politique\/\" class=\"tag-cloud-link tag-link-9 tag-link-position-27\" style=\"font-size: 8pt;\" aria-label=\"Politique (1 \u00e9l\u00e9ment)\">Politique<\/a>\n<a href=\"https:\/\/longsformats.artecom.studio\/communicationpoltoulouse\/tag\/projet-urbain\/\" class=\"tag-cloud-link tag-link-42 tag-link-position-28\" style=\"font-size: 13.25pt;\" aria-label=\"Projet urbain (2 \u00e9l\u00e9ments)\">Projet urbain<\/a>\n<a href=\"https:\/\/longsformats.artecom.studio\/communicationpoltoulouse\/tag\/precarite-sociale\/\" class=\"tag-cloud-link tag-link-60 tag-link-position-29\" style=\"font-size: 8pt;\" aria-label=\"pr\u00e9carit\u00e9 sociale (1 \u00e9l\u00e9ment)\">pr\u00e9carit\u00e9 sociale<\/a>\n<a href=\"https:\/\/longsformats.artecom.studio\/communicationpoltoulouse\/tag\/sans-abrisme\/\" class=\"tag-cloud-link tag-link-59 tag-link-position-30\" style=\"font-size: 8pt;\" aria-label=\"sans-abrisme (1 \u00e9l\u00e9ment)\">sans-abrisme<\/a>\n<a href=\"https:\/\/longsformats.artecom.studio\/communicationpoltoulouse\/tag\/smart-city\/\" class=\"tag-cloud-link tag-link-11 tag-link-position-31\" style=\"font-size: 13.25pt;\" aria-label=\"smart city (2 \u00e9l\u00e9ments)\">smart city<\/a>\n<a href=\"https:\/\/longsformats.artecom.studio\/communicationpoltoulouse\/tag\/technopolice\/\" class=\"tag-cloud-link tag-link-10 tag-link-position-32\" style=\"font-size: 8pt;\" aria-label=\"Technopolice (1 \u00e9l\u00e9ment)\">Technopolice<\/a>\n<a href=\"https:\/\/longsformats.artecom.studio\/communicationpoltoulouse\/tag\/tentes\/\" class=\"tag-cloud-link tag-link-56 tag-link-position-33\" style=\"font-size: 8pt;\" aria-label=\"tentes (1 \u00e9l\u00e9ment)\">tentes<\/a>\n<a href=\"https:\/\/longsformats.artecom.studio\/communicationpoltoulouse\/tag\/teso\/\" class=\"tag-cloud-link tag-link-28 tag-link-position-34\" style=\"font-size: 8pt;\" aria-label=\"TESO (1 \u00e9l\u00e9ment)\">TESO<\/a>\n<a href=\"https:\/\/longsformats.artecom.studio\/communicationpoltoulouse\/tag\/toulouse\/\" class=\"tag-cloud-link tag-link-5 tag-link-position-35\" style=\"font-size: 22pt;\" aria-label=\"Toulouse (5 \u00e9l\u00e9ments)\">Toulouse<\/a>\n<a href=\"https:\/\/longsformats.artecom.studio\/communicationpoltoulouse\/tag\/toulouse-2030\/\" class=\"tag-cloud-link tag-link-30 tag-link-position-36\" style=\"font-size: 8pt;\" aria-label=\"Toulouse 2030 (1 \u00e9l\u00e9ment)\">Toulouse 2030<\/a>\n<a href=\"https:\/\/longsformats.artecom.studio\/communicationpoltoulouse\/tag\/tour-occitanie\/\" class=\"tag-cloud-link tag-link-25 tag-link-position-37\" style=\"font-size: 8pt;\" aria-label=\"Tour Occitanie (1 \u00e9l\u00e9ment)\">Tour Occitanie<\/a>\n<a href=\"https:\/\/longsformats.artecom.studio\/communicationpoltoulouse\/tag\/telepherique-urbain\/\" class=\"tag-cloud-link tag-link-37 tag-link-position-38\" style=\"font-size: 8pt;\" aria-label=\"T\u00e9l\u00e9ph\u00e9rique urbain (1 \u00e9l\u00e9ment)\">T\u00e9l\u00e9ph\u00e9rique urbain<\/a>\n<a href=\"https:\/\/longsformats.artecom.studio\/communicationpoltoulouse\/tag\/urbanisme\/\" class=\"tag-cloud-link tag-link-32 tag-link-position-39\" style=\"font-size: 8pt;\" aria-label=\"urbanisme (1 \u00e9l\u00e9ment)\">urbanisme<\/a>\n<a href=\"https:\/\/longsformats.artecom.studio\/communicationpoltoulouse\/tag\/videoprotection\/\" class=\"tag-cloud-link tag-link-12 tag-link-position-40\" style=\"font-size: 8pt;\" aria-label=\"vid\u00e9oprotection (1 \u00e9l\u00e9ment)\">vid\u00e9oprotection<\/a>\n<a href=\"https:\/\/longsformats.artecom.studio\/communicationpoltoulouse\/tag\/videosurveillance\/\" class=\"tag-cloud-link tag-link-13 tag-link-position-41\" style=\"font-size: 8pt;\" aria-label=\"vid\u00e9osurveillance (1 \u00e9l\u00e9ment)\">vid\u00e9osurveillance<\/a>\n<a href=\"https:\/\/longsformats.artecom.studio\/communicationpoltoulouse\/tag\/ville-mobile\/\" class=\"tag-cloud-link tag-link-41 tag-link-position-42\" style=\"font-size: 8pt;\" aria-label=\"ville mobile (1 \u00e9l\u00e9ment)\">ville mobile<\/a>\n<a href=\"https:\/\/longsformats.artecom.studio\/communicationpoltoulouse\/tag\/ville-rose\/\" class=\"tag-cloud-link tag-link-6 tag-link-position-43\" style=\"font-size: 8pt;\" aria-label=\"Ville Rose (1 \u00e9l\u00e9ment)\">Ville Rose<\/a>\n<a href=\"https:\/\/longsformats.artecom.studio\/communicationpoltoulouse\/tag\/visibilite\/\" class=\"tag-cloud-link tag-link-52 tag-link-position-44\" style=\"font-size: 8pt;\" aria-label=\"visibilit\u00e9 (1 \u00e9l\u00e9ment)\">visibilit\u00e9<\/a>\n<a href=\"https:\/\/longsformats.artecom.studio\/communicationpoltoulouse\/tag\/voie-publique\/\" class=\"tag-cloud-link tag-link-53 tag-link-position-45\" style=\"font-size: 8pt;\" aria-label=\"voie publique (1 \u00e9l\u00e9ment)\">voie publique<\/a><\/p>","protected":false},"excerpt":{"rendered":"<p>En 2014, le maire de la Ville rose, Jean-Luc Moudenc, a lanc\u00e9 un vaste plan de protection citoyenne, avec l&rsquo;id\u00e9e d&rsquo;installer pas moins de 400 cam\u00e9ras, ainsi que des dispositifs de surveillance \u00e0 la pointe de la technologie dans toute la ville. Or, l&rsquo;id\u00e9e d&rsquo;une ville \u00e0 l\u2019allure de 1984 de George Orwell est loin [&hellip;]<\/p>\n","protected":false},"author":22,"featured_media":433,"comment_status":"open","ping_status":"open","sticky":false,"template":"","format":"standard","meta":{"footnotes":""},"categories":[61],"tags":[14,8,15,7,16,17,9,11,4,10,5,12,13,6],"class_list":{"0":"post-280","1":"post","2":"type-post","3":"status-publish","4":"format-standard","5":"has-post-thumbnail","6":"hentry","7":"category-toulouse-securite","8":"tag-14","9":"tag-big-brother","10":"tag-cameras","11":"tag-cctv","12":"tag-libertes","13":"tag-occitanie","14":"tag-politique","15":"tag-smart-city","16":"tag-surveillance","17":"tag-technopolice","18":"tag-toulouse","19":"tag-videoprotection","20":"tag-videosurveillance","21":"tag-ville-rose","23":"aesop-entry-content"},"_links":{"self":[{"href":"https:\/\/longsformats.artecom.studio\/communicationpoltoulouse\/wp-json\/wp\/v2\/posts\/280","targetHints":{"allow":["GET"]}}],"collection":[{"href":"https:\/\/longsformats.artecom.studio\/communicationpoltoulouse\/wp-json\/wp\/v2\/posts"}],"about":[{"href":"https:\/\/longsformats.artecom.studio\/communicationpoltoulouse\/wp-json\/wp\/v2\/types\/post"}],"author":[{"embeddable":true,"href":"https:\/\/longsformats.artecom.studio\/communicationpoltoulouse\/wp-json\/wp\/v2\/users\/22"}],"replies":[{"embeddable":true,"href":"https:\/\/longsformats.artecom.studio\/communicationpoltoulouse\/wp-json\/wp\/v2\/comments?post=280"}],"version-history":[{"count":35,"href":"https:\/\/longsformats.artecom.studio\/communicationpoltoulouse\/wp-json\/wp\/v2\/posts\/280\/revisions"}],"predecessor-version":[{"id":765,"href":"https:\/\/longsformats.artecom.studio\/communicationpoltoulouse\/wp-json\/wp\/v2\/posts\/280\/revisions\/765"}],"wp:featuredmedia":[{"embeddable":true,"href":"https:\/\/longsformats.artecom.studio\/communicationpoltoulouse\/wp-json\/wp\/v2\/media\/433"}],"wp:attachment":[{"href":"https:\/\/longsformats.artecom.studio\/communicationpoltoulouse\/wp-json\/wp\/v2\/media?parent=280"}],"wp:term":[{"taxonomy":"category","embeddable":true,"href":"https:\/\/longsformats.artecom.studio\/communicationpoltoulouse\/wp-json\/wp\/v2\/categories?post=280"},{"taxonomy":"post_tag","embeddable":true,"href":"https:\/\/longsformats.artecom.studio\/communicationpoltoulouse\/wp-json\/wp\/v2\/tags?post=280"}],"curies":[{"name":"wp","href":"https:\/\/api.w.org\/{rel}","templated":true}]}}