{"id":51,"date":"2019-01-25T15:23:04","date_gmt":"2019-01-25T14:23:04","guid":{"rendered":"http:\/\/longform1.sensnumerique.fr\/?p=51"},"modified":"2019-09-30T15:19:50","modified_gmt":"2019-09-30T13:19:50","slug":"changer-de-voix-cest-possible","status":"publish","type":"post","link":"https:\/\/longsformats.artecom.studio\/ausondetavoix\/2019\/01\/25\/changer-de-voix-cest-possible\/","title":{"rendered":"Changer de voix, c&rsquo;est possible ?"},"content":{"rendered":"\n<p>Changer l\u2019aspect physique de son corps, c\u2019est d\u00e9sormais possible. Suivre le nouveau \u00ab&nbsp;body-challenge&nbsp;\u00bb pour perdre 3 tailles de pantalon, se faire refaire le nez qui vous complexe depuis des ann\u00e9es, prendre des hormones pour se rapprocher de sa vraie identit\u00e9, changer de sexe, recouvrir son corps de tatouages \u2026 La liste est longue.<\/p>\n\n\n\n<p><strong>Mais quand est-t-il quand on n\u2019accepte pas le son de sa propre voix&nbsp;? Pour des raisons personnelles ou professionnelles peut-on r\u00e9ellement en changer ? <\/strong><\/p>\n\n\n\n<p>Nous verrons que la voix se travaille et que les voix graves peuvent m\u00eame s\u2019av\u00e9rer \u00eatre une arme redoutable pour les politiques\u2026<\/p>\n\n\n\n<h2 class=\"wp-block-heading\">\u00ab&nbsp;A 15 ans, je n&rsquo;ai toujours pas mu\u00e9 ! \u00bb<\/h2>\n\n\n\n<p>Qui n\u2019a jamais esquiss\u00e9 un sourire \u00e0 l\u2019\u00e9coute d\u2019un g\u00e9n\u00e9reux d\u00e9raillement de voix propuls\u00e9 par son petit cousin, bravant \u00e9m\u00e9ritement les belles ann\u00e9es de l\u2019adolescence&nbsp;?<\/p>\n\n\n\n<p>C\u2019est effectivement \u00e0 la pubert\u00e9, \u00e0 l\u2019\u00e2ge de 12 \u00e0 14 ans environ, que notre voix d\u00e9raille en faisant des sauts dans les aigus quand on hausse la voix. L\u2019adolescence marque cette p\u00e9riode de mutation hormonale qui est \u00e0 l\u2019origine de ces transformations. C\u2019est \u00e0 cet \u00e2ge que nous aboutissons \u00e0 notre voix d\u00e9finitive.<\/p>\n\n\n\n<p>Seulement, ce n\u2019est pas le cas pour tout le monde. Il existe des gar\u00e7ons qui gardent une voix aigu\u00eb m\u00eame \u00e0 l\u2019\u00e2ge adulte. Certains s\u2019habituent, d\u2019autres la d\u00e9veloppent comme un atout, une originalit\u00e9, tandis que d\u2019autres y trouvent un complexe parfois difficile \u00e0 surmonter.<\/p>\n\n\n\n<p>Il n\u2019en a pas toujours \u00e9t\u00e9 de m\u00eame&nbsp;! Rappelez-vous qu\u2019a une \u00e9poque, l\u2019adoration de la voix aig\u00fce pour les hommes \u00e9tait telle qu\u2019on pratiquait la castration chez les chanteurs pour emp\u00eacher la mue. Ce principe permettait de conserver le registre aigu de la voix enfantine, tout en b\u00e9n\u00e9ficiant du volume sonore produit par la capacit\u00e9 d\u2019un adulte. Heureusement ces pratiques jug\u00e9es barbares ont cess\u00e9 et les voix graves ont su trouver leur public.<\/p>\n\n\n\n<!-- iframe plugin v.6.0 wordpress.org\/plugins\/iframe\/ -->\n<iframe loading=\"lazy\" frameborder=\"0\" src=\"https:\/\/view.genial.ly\/5c4f15d1a558062c2eaa4ff6\" type=\"text\/html\" allowscriptaccess=\"always\" allowfullscreen=\"true\" scrolling=\"yes\" allownetworking=\"all\" width=\"100%\" height=\"500\" class=\"iframe-class\"><\/iframe>\n\n\n\n\n<h2 class=\"wp-block-heading\">\u00ab&nbsp;Demain je change de voix&nbsp;! \u00bb<\/h2>\n\n\n\n<p>Un certain nombre de personnes sont insatisfaites de leur voix, qu\u2019elles ne trouvent pas en accord avec leur apparence ou leur personnalit\u00e9.<\/p>\n\n\n\n<p>Nasillarde, aig\u00fce, stridente, timide, \u00e9corch\u00e9e, trop aig\u00fce, trop grave, il est parfois difficile d\u2019\u00eatre pris au s\u00e9rieux quand on peut \u00eatre sujet \u00e0 des moqueries ou ne pas se trouver en accord avec sa voix. Pour les personnes transgenres, avoir une voix plus f\u00e9minine ou plus masculine lorsque l\u2019on change de sexe est primordial pour coller avec son nouveau genre.<strong>&nbsp;<\/strong><\/p>\n\n\n\n<p>Pour des raisons personnelles ou professionnelles, il est possible de vouloir changer de voix. Dans ce cas il existe plusieurs solutions&nbsp;: des m\u00e9thodes naturelles aux plus radicales, apprendre \u00e0 arranger sa voix peut \u00eatre v\u00e9cu comme un r\u00e9el soulagement.<\/p>\n\n\n\n<p>En premier lieu, il est possible d\u2019aller consulter un&nbsp;<strong>orthophoniste<\/strong> pour des s\u00e9ances de \u00ab&nbsp;r\u00e9\u00e9ducation&nbsp;\u00bb qui permettent d\u2019apprendre \u00e0 mieux conna\u00eetre la fr\u00e9quence, l\u2019intensit\u00e9 de sa voix. Savoir la placer, la ma\u00eetriser, comme peuvent le faire les chanteurs.<\/p>\n\n\n\n<p>Pour un suivi plus pouss\u00e9, il est possible de prendre rendez-vous chez <strong>un phoniatre<\/strong>. La phoniatrie est la m\u00e9decine de la voix, de la parole, du langage oral et \u00e9crit, et de la fonction auditive. Ce m\u00e9decin peut proc\u00e9der \u00e0 un traitement par des exercices vocaux en vue d&rsquo;une r\u00e9\u00e9ducation de la prononciation et de l&rsquo;articulation afin de les rendre correctes et afin de corriger les vices de la prononciation et de l&rsquo;\u00e9locution.<\/p>\n\n\n\n<p>Ces deux techniques, reposant sur des exercices vocaux sont longues et souvent fastidieuse. Elles peuvent prendre 4 \u00e0 5 ans avant de percevoir de r\u00e9els changements.<\/p>\n\n\n\n<p>Pour les plus press\u00e9s, il existe une d\u00e9marche plus rapide et bien plus radicale&nbsp;: <strong>la chirurgie vocale esth\u00e9tique<\/strong>.<\/p>\n\n\n\n<p>L&rsquo;op\u00e9ration consiste \u00e0 soit \u00e0 augmenter la tension des cordes vocales (rapprocher les deux cartilages, qui tendent les cordes vocales et les fixer par un fil d&rsquo;argent), soit \u00e0 en diminuer leur \u00e9paisseur (micro attaques laser ou br\u00fblures de chaque corde vocale afin d&rsquo;en diminuer leur masse et leur \u00e9paisseur).&nbsp; Ces techniques sont tr\u00e8s co\u00fbteuses, et souvent risqu\u00e9es (pouvant r\u00e9ellement rendre d\u00e9finitivement aphone ou au minimum handicap\u00e9) ou ayant dans certains cas des r\u00e9sultats d\u00e9cevants.<\/p>\n\n\n\n<div class=\"wp-block-image\"><figure class=\"aligncenter\"><img decoding=\"async\" src=\"http:\/\/longform1.sensnumerique.fr\/wp-content\/uploads\/sites\/4\/2019\/01\/langage-phonetique-275x300.jpg\" alt=\"\" class=\"wp-image-313\"\/><\/figure><\/div>\n\n\n\n<p>Certaines femmes trans couplent l\u2019orthophonie avec une intervention chirurgicale. Mais dans les deux cas, ce n\u2019est pas suffisant. Elles doivent suivre en plus des cours d\u2019\u00e9locution chez un orthophoniste pour apprendre man\u0153uvrer leur nouvel outil.<\/p>\n\n\n\n<h2 class=\"wp-block-heading\">\u00ab&nbsp;Gagner plus de voies gr\u00e2ce \u00e0 une voix grave&nbsp;?&nbsp;\u00bb<\/h2>\n\n\n\n<p>Rien n&rsquo;est laiss\u00e9 au hasard en politique et dans les m\u00e9dias. Pendant une p\u00e9riode d&rsquo;\u00e9lection, tout est scrut\u00e9 dans les moindres d\u00e9tails. Le style vestimentaire, le comportement, la mani\u00e8re de s&rsquo;exprimer, de respirer et bien-s\u00fbr la tonalit\u00e9, la fr\u00e9quence de la voix.&nbsp;C&rsquo;est pourquoi, bon nombre de politiques suivent des programmes de \u00ab\u00a0coaching politique\u00a0\u00bb ou de \u00ab\u00a0m\u00e9dia training\u00a0\u00bb, une&nbsp;formation aux m\u00e9dias qui se r\u00e9sume souvent \u00e0 s\u2019entra\u00eener \u00e0 parler devant une cam\u00e9ra.<\/p>\n\n\n\n<p>Une r\u00e9cente \u00e9tude,&nbsp;co-r\u00e9alis\u00e9e par l\u2019universit\u00e9 de Miami et celle de Duke en Caroline du Nord, r\u00e9v\u00e8le que la gravit\u00e9 d\u2019une voix peut influencer les d\u00e9cisions des \u00e9lecteurs.<\/p>\n\n\n\n<p>Dans cet extrait appara\u00eet deux versions&nbsp;: une voix aigu\u00eb, l\u2019autre grave d\u2019une voix f\u00e9minine modul\u00e9e par ordinateur et pronon\u00e7ant \u00e0 chaque fois ces mots :&nbsp;\u00ab <em>Je vous demande de voter pour moi en novembre<\/em>. \u00bb&nbsp;L\u2019\u00e9tude r\u00e9v\u00e8le qu\u2019entre 60 et 76 % des personnes ont dit qu\u2019elles pr\u00e9f\u00e9reraient voter pour la voix la plus basse&nbsp;des deux, tant pour les candidats f\u00e9minins que masculins.<\/p>\n\n\n\n<figure class=\"wp-block-embed-soundcloud wp-block-embed is-type-rich is-provider-soundcloud wp-embed-aspect-4-3 wp-has-aspect-ratio\"><div class=\"wp-block-embed__wrapper\">\n<iframe loading=\"lazy\" title=\"\u2018Caveman Instincts\u2019 May Favor Deep-Voiced Politicians by DukeUniversity\" width=\"800\" height=\"400\" scrolling=\"no\" frameborder=\"no\" src=\"https:\/\/w.soundcloud.com\/player\/?visual=true&#038;url=https%3A%2F%2Fapi.soundcloud.com%2Ftracks%2F218253339&#038;show_artwork=true&#038;maxwidth=800&#038;maxheight=1000&#038;dnt=1\"><\/iframe>\n<\/div><\/figure>\n\n\n\n<p>D&rsquo;apr\u00e8s des chercheurs australiens, depuis quelques d\u00e9cennies, \u00ab\u00a0la voix des femmes aurait baiss\u00e9 en tonalit\u00e9 passant de&nbsp;229&nbsp;<span class=\"link-wrapper\">hertz<\/span>&nbsp;en 1945 \u00e0 206 hertz en 1993&Prime;.<\/p>\n\n\n\n<p>Le ph\u00e9nom\u00e8ne serait li\u00e9 \u00e0 l&rsquo;\u00e9volution de notre soci\u00e9t\u00e9. Rappelons-nous qu&rsquo;apr\u00e8s avoir acc\u00e9d\u00e9 au poste de Premier ministre du Royaume-Uni, Margaret Thatcher a consult\u00e9 un coach vocal pour apprendre \u00e0 rendre sa voix plus grave. Objectif,&nbsp;para\u00eetre plus autoritaire et s\u00e9rieuse.<\/p>\n\n\n\n<p>En France, c&rsquo;est l&rsquo;exemple de S\u00e9gol\u00e8ne Royale qui, sous les conseils de Roselyne Bachelot a du \u00ab\u00a0retravailler sa voix\u00a0\u00bb en la rendant plus lisse et grave afin de chroniquer plusieurs \u00e9missions t\u00e9l\u00e9vis\u00e9es. C&rsquo;est aussi le cas de C\u00e9cile Duflot qui en 4 ans, de 2012 \u00e0 2016, a compl\u00e8tement chang\u00e9 de look et de voix, passant d&rsquo;une voix plut\u00f4t aigu\u00eb \u00e0 une voix plus grave dite plus \u00ab\u00a0rassurante\u00a0\u00bb.<\/p>\n\n\n\n<figure class=\"wp-block-embed-youtube wp-block-embed is-type-video is-provider-youtube wp-embed-aspect-16-9 wp-has-aspect-ratio\"><div class=\"wp-block-embed__wrapper\">\n<iframe loading=\"lazy\" title=\"En 4 ans, C\u00e9cile Duflot a chang\u00e9 de look et de voix\" width=\"800\" height=\"450\" src=\"https:\/\/www.youtube.com\/embed\/jA-trax_WgQ?feature=oembed\" frameborder=\"0\" allow=\"accelerometer; autoplay; encrypted-media; gyroscope; picture-in-picture\" allowfullscreen><\/iframe>\n<\/div><\/figure>\n\n\n\n<p>Ainsi, dans un monde domin\u00e9 par les hommes, les femmes auraient-elles besoin d&rsquo;aligner leurs voix pour gagner en cr\u00e9dibilit\u00e9 ?<\/p>\n\n\n\n<p>Cette th\u00e9orique est renforc\u00e9e par le fait que les \u00e9lecteurs auraient tendance \u00e0 voter plus facilement pour les candidats aux voix graves auxquels ils attribuent plus de comp\u00e9tences.&nbsp;Pour autant, ce n&rsquo;est pas le cas de la voix du sulfureux Donald Trump qui au niveau des fr\u00e9quences, se trouve en bas du classement des voix les plus graves des candidats \u00e0 la primaire r\u00e9publicaine, ce n&rsquo;est pas non plus le cas de la \u00ab\u00a0jeune\u00a0\u00bb voix de notre actuel pr\u00e9sident Emmanuel Macron.<\/p>\n","protected":false},"excerpt":{"rendered":"<p>Changer l\u2019aspect physique de son corps, c\u2019est d\u00e9sormais possible. Suivre le nouveau \u00ab&nbsp;body-challenge&nbsp;\u00bb pour perdre 3 tailles de pantalon, se faire refaire le nez qui vous complexe depuis des ann\u00e9es, prendre des hormones pour se rapprocher de sa vraie identit\u00e9, changer de sexe, recouvrir son corps de tatouages \u2026 La liste est longue. Mais quand [&hellip;]<\/p>\n","protected":false},"author":1,"featured_media":294,"comment_status":"closed","ping_status":"open","sticky":false,"template":"","format":"standard","meta":{"footnotes":""},"categories":[1],"tags":[2],"class_list":{"0":"post-51","1":"post","2":"type-post","3":"status-publish","4":"format-standard","5":"has-post-thumbnail","6":"hentry","7":"category-non-classe","8":"tag-grid","10":"aesop-entry-content"},"_links":{"self":[{"href":"https:\/\/longsformats.artecom.studio\/ausondetavoix\/wp-json\/wp\/v2\/posts\/51","targetHints":{"allow":["GET"]}}],"collection":[{"href":"https:\/\/longsformats.artecom.studio\/ausondetavoix\/wp-json\/wp\/v2\/posts"}],"about":[{"href":"https:\/\/longsformats.artecom.studio\/ausondetavoix\/wp-json\/wp\/v2\/types\/post"}],"author":[{"embeddable":true,"href":"https:\/\/longsformats.artecom.studio\/ausondetavoix\/wp-json\/wp\/v2\/users\/1"}],"replies":[{"embeddable":true,"href":"https:\/\/longsformats.artecom.studio\/ausondetavoix\/wp-json\/wp\/v2\/comments?post=51"}],"version-history":[{"count":1,"href":"https:\/\/longsformats.artecom.studio\/ausondetavoix\/wp-json\/wp\/v2\/posts\/51\/revisions"}],"predecessor-version":[{"id":295,"href":"https:\/\/longsformats.artecom.studio\/ausondetavoix\/wp-json\/wp\/v2\/posts\/51\/revisions\/295"}],"wp:featuredmedia":[{"embeddable":true,"href":"https:\/\/longsformats.artecom.studio\/ausondetavoix\/wp-json\/wp\/v2\/media\/294"}],"wp:attachment":[{"href":"https:\/\/longsformats.artecom.studio\/ausondetavoix\/wp-json\/wp\/v2\/media?parent=51"}],"wp:term":[{"taxonomy":"category","embeddable":true,"href":"https:\/\/longsformats.artecom.studio\/ausondetavoix\/wp-json\/wp\/v2\/categories?post=51"},{"taxonomy":"post_tag","embeddable":true,"href":"https:\/\/longsformats.artecom.studio\/ausondetavoix\/wp-json\/wp\/v2\/tags?post=51"}],"curies":[{"name":"wp","href":"https:\/\/api.w.org\/{rel}","templated":true}]}}